{"id":937,"count":1,"description":"","link":"https:\/\/enlamira.info\/index.php\/tag\/en-marzo-aumentan-los-colectivos-en-caba-y-provincia-que-pasara-con-las-lineas-nacionales\/","name":"En marzo aumentan los colectivos en CABA y Provincia: qu\u00e9 pasar\u00e1 con las l\u00edneas nacionales","slug":"en-marzo-aumentan-los-colectivos-en-caba-y-provincia-que-pasara-con-las-lineas-nacionales","taxonomy":"post_tag","meta":[],"_links":{"self":[{"href":"https:\/\/enlamira.info\/index.php\/wp-json\/wp\/v2\/tags\/937"}],"collection":[{"href":"https:\/\/enlamira.info\/index.php\/wp-json\/wp\/v2\/tags"}],"about":[{"href":"https:\/\/enlamira.info\/index.php\/wp-json\/wp\/v2\/taxonomies\/post_tag"}],"wp:post_type":[{"href":"https:\/\/enlamira.info\/index.php\/wp-json\/wp\/v2\/posts?tags=937"}],"curies":[{"name":"wp","href":"https:\/\/api.w.org\/{rel}","templated":true}]}}