{"id":892,"count":1,"description":"","link":"https:\/\/enlamira.info\/index.php\/tag\/otra-tragedia-aerea-fatal-un-avion-cayo-en-el-centro-de-san-pablo-e-impacto-contra-un-colectivo\/","name":"Otra tragedia a\u00e9rea fatal: un avi\u00f3n cay\u00f3 en el centro de San Pablo e impact\u00f3 contra un colectivo","slug":"otra-tragedia-aerea-fatal-un-avion-cayo-en-el-centro-de-san-pablo-e-impacto-contra-un-colectivo","taxonomy":"post_tag","meta":[],"_links":{"self":[{"href":"https:\/\/enlamira.info\/index.php\/wp-json\/wp\/v2\/tags\/892"}],"collection":[{"href":"https:\/\/enlamira.info\/index.php\/wp-json\/wp\/v2\/tags"}],"about":[{"href":"https:\/\/enlamira.info\/index.php\/wp-json\/wp\/v2\/taxonomies\/post_tag"}],"wp:post_type":[{"href":"https:\/\/enlamira.info\/index.php\/wp-json\/wp\/v2\/posts?tags=892"}],"curies":[{"name":"wp","href":"https:\/\/api.w.org\/{rel}","templated":true}]}}