{"id":828,"count":1,"description":"","link":"https:\/\/enlamira.info\/index.php\/tag\/el-pro-definio-votar-a-favor-de-la-suspension-de-las-paso-y-no-de-su-eliminacion\/","name":"El PRO defini\u00f3 votar a favor de la suspensi\u00f3n de las PASO y no de su eliminaci\u00f3n","slug":"el-pro-definio-votar-a-favor-de-la-suspension-de-las-paso-y-no-de-su-eliminacion","taxonomy":"post_tag","meta":[],"_links":{"self":[{"href":"https:\/\/enlamira.info\/index.php\/wp-json\/wp\/v2\/tags\/828"}],"collection":[{"href":"https:\/\/enlamira.info\/index.php\/wp-json\/wp\/v2\/tags"}],"about":[{"href":"https:\/\/enlamira.info\/index.php\/wp-json\/wp\/v2\/taxonomies\/post_tag"}],"wp:post_type":[{"href":"https:\/\/enlamira.info\/index.php\/wp-json\/wp\/v2\/posts?tags=828"}],"curies":[{"name":"wp","href":"https:\/\/api.w.org\/{rel}","templated":true}]}}