{"id":778,"count":1,"description":"","link":"https:\/\/enlamira.info\/index.php\/tag\/lanus-la-linea-158-extiende-su-recorrido-y-llegara-a-la-estacion-saenz\/","name":"Lan\u00fas: la l\u00ednea 158 extiende su recorrido y llegar\u00e1 a la estaci\u00f3n S\u00e1enz","slug":"lanus-la-linea-158-extiende-su-recorrido-y-llegara-a-la-estacion-saenz","taxonomy":"post_tag","meta":[],"_links":{"self":[{"href":"https:\/\/enlamira.info\/index.php\/wp-json\/wp\/v2\/tags\/778"}],"collection":[{"href":"https:\/\/enlamira.info\/index.php\/wp-json\/wp\/v2\/tags"}],"about":[{"href":"https:\/\/enlamira.info\/index.php\/wp-json\/wp\/v2\/taxonomies\/post_tag"}],"wp:post_type":[{"href":"https:\/\/enlamira.info\/index.php\/wp-json\/wp\/v2\/posts?tags=778"}],"curies":[{"name":"wp","href":"https:\/\/api.w.org\/{rel}","templated":true}]}}