{"id":586,"count":1,"description":"","link":"https:\/\/enlamira.info\/index.php\/tag\/realizo-dos-nuevas-designaciones-el-presbitero-cristian-ugarte-fue-designado-parroco-de-nuestra-senora-de-fatima\/","name":"realiz\u00f3 dos nuevas designaciones. El presb\u00edtero\u00a0Cristian Ugarte\u00a0fue designado p\u00e1rroco de Nuestra Se\u00f1ora de F\u00e1tima","slug":"realizo-dos-nuevas-designaciones-el-presbitero-cristian-ugarte-fue-designado-parroco-de-nuestra-senora-de-fatima","taxonomy":"post_tag","meta":[],"_links":{"self":[{"href":"https:\/\/enlamira.info\/index.php\/wp-json\/wp\/v2\/tags\/586"}],"collection":[{"href":"https:\/\/enlamira.info\/index.php\/wp-json\/wp\/v2\/tags"}],"about":[{"href":"https:\/\/enlamira.info\/index.php\/wp-json\/wp\/v2\/taxonomies\/post_tag"}],"wp:post_type":[{"href":"https:\/\/enlamira.info\/index.php\/wp-json\/wp\/v2\/posts?tags=586"}],"curies":[{"name":"wp","href":"https:\/\/api.w.org\/{rel}","templated":true}]}}