{"id":2257,"count":1,"description":"","link":"https:\/\/enlamira.info\/index.php\/tag\/cafe-del-rio-el-garaje-que-se-convirtio-en-rincon-de-barrio-y-punto-de-encuentro-en-avellaneda\/","name":"Caf\u00e9 del R\u00edo: el garaje que se convirti\u00f3 en rinc\u00f3n de barrio y punto de encuentro en Avellaneda","slug":"cafe-del-rio-el-garaje-que-se-convirtio-en-rincon-de-barrio-y-punto-de-encuentro-en-avellaneda","taxonomy":"post_tag","meta":[],"_links":{"self":[{"href":"https:\/\/enlamira.info\/index.php\/wp-json\/wp\/v2\/tags\/2257"}],"collection":[{"href":"https:\/\/enlamira.info\/index.php\/wp-json\/wp\/v2\/tags"}],"about":[{"href":"https:\/\/enlamira.info\/index.php\/wp-json\/wp\/v2\/taxonomies\/post_tag"}],"wp:post_type":[{"href":"https:\/\/enlamira.info\/index.php\/wp-json\/wp\/v2\/posts?tags=2257"}],"curies":[{"name":"wp","href":"https:\/\/api.w.org\/{rel}","templated":true}]}}