{"id":1725,"count":1,"description":"","link":"https:\/\/enlamira.info\/index.php\/tag\/la-asociacion-argentina-de-actores-se-solidarizo-con-darin-y-critico-al-gobierno-de-milei-es-una-amenaza-a-la-convivencia-democratica\/","name":"La Asociaci\u00f3n Argentina de Actores se solidariz\u00f3 con Dar\u00edn y critic\u00f3 al gobierno de Milei: \u00abes una amenaza a la convivencia democr\u00e1tica\u00bb","slug":"la-asociacion-argentina-de-actores-se-solidarizo-con-darin-y-critico-al-gobierno-de-milei-es-una-amenaza-a-la-convivencia-democratica","taxonomy":"post_tag","meta":[],"_links":{"self":[{"href":"https:\/\/enlamira.info\/index.php\/wp-json\/wp\/v2\/tags\/1725"}],"collection":[{"href":"https:\/\/enlamira.info\/index.php\/wp-json\/wp\/v2\/tags"}],"about":[{"href":"https:\/\/enlamira.info\/index.php\/wp-json\/wp\/v2\/taxonomies\/post_tag"}],"wp:post_type":[{"href":"https:\/\/enlamira.info\/index.php\/wp-json\/wp\/v2\/posts?tags=1725"}],"curies":[{"name":"wp","href":"https:\/\/api.w.org\/{rel}","templated":true}]}}