{"id":1700,"count":1,"description":"","link":"https:\/\/enlamira.info\/index.php\/tag\/encuentro-radical-en-sarandi-maria-belen-malaisi-y-la-construccion-politica-hacia-2025\/","name":"Encuentro Radical en Sarand\u00ed: Mar\u00eda Bel\u00e9n Malaisi y la construcci\u00f3n pol\u00edtica hacia 2025","slug":"encuentro-radical-en-sarandi-maria-belen-malaisi-y-la-construccion-politica-hacia-2025","taxonomy":"post_tag","meta":[],"_links":{"self":[{"href":"https:\/\/enlamira.info\/index.php\/wp-json\/wp\/v2\/tags\/1700"}],"collection":[{"href":"https:\/\/enlamira.info\/index.php\/wp-json\/wp\/v2\/tags"}],"about":[{"href":"https:\/\/enlamira.info\/index.php\/wp-json\/wp\/v2\/taxonomies\/post_tag"}],"wp:post_type":[{"href":"https:\/\/enlamira.info\/index.php\/wp-json\/wp\/v2\/posts?tags=1700"}],"curies":[{"name":"wp","href":"https:\/\/api.w.org\/{rel}","templated":true}]}}