{"id":1610,"count":1,"description":"","link":"https:\/\/enlamira.info\/index.php\/tag\/lanus-gobierno-festejara-el-25-de-mayo-con-la-pena-de-la-patria\/","name":"Lan\u00fas Gobierno festejar\u00e1 el 25 de Mayo con La Pe\u00f1a de la Patria","slug":"lanus-gobierno-festejara-el-25-de-mayo-con-la-pena-de-la-patria","taxonomy":"post_tag","meta":[],"_links":{"self":[{"href":"https:\/\/enlamira.info\/index.php\/wp-json\/wp\/v2\/tags\/1610"}],"collection":[{"href":"https:\/\/enlamira.info\/index.php\/wp-json\/wp\/v2\/tags"}],"about":[{"href":"https:\/\/enlamira.info\/index.php\/wp-json\/wp\/v2\/taxonomies\/post_tag"}],"wp:post_type":[{"href":"https:\/\/enlamira.info\/index.php\/wp-json\/wp\/v2\/posts?tags=1610"}],"curies":[{"name":"wp","href":"https:\/\/api.w.org\/{rel}","templated":true}]}}