{"id":1590,"count":1,"description":"","link":"https:\/\/enlamira.info\/index.php\/tag\/el-procurador-eduardo-casal-pidio-que-se-extienda-a-12-anos-la-condena-a-prision-contra-cristina-kirchner\/","name":"El procurador Eduardo Casal pidi\u00f3 que se extienda a 12 a\u00f1os la condena a prisi\u00f3n contra Cristina Kirchner","slug":"el-procurador-eduardo-casal-pidio-que-se-extienda-a-12-anos-la-condena-a-prision-contra-cristina-kirchner","taxonomy":"post_tag","meta":[],"_links":{"self":[{"href":"https:\/\/enlamira.info\/index.php\/wp-json\/wp\/v2\/tags\/1590"}],"collection":[{"href":"https:\/\/enlamira.info\/index.php\/wp-json\/wp\/v2\/tags"}],"about":[{"href":"https:\/\/enlamira.info\/index.php\/wp-json\/wp\/v2\/taxonomies\/post_tag"}],"wp:post_type":[{"href":"https:\/\/enlamira.info\/index.php\/wp-json\/wp\/v2\/posts?tags=1590"}],"curies":[{"name":"wp","href":"https:\/\/api.w.org\/{rel}","templated":true}]}}