{"id":1173,"count":1,"description":"","link":"https:\/\/enlamira.info\/index.php\/tag\/victoria-villarruel-critico-el-aborto-legal-y-llamo-a-proteger-la-vida-desde-la-concepcion\/","name":"Victoria Villarruel critic\u00f3 el aborto legal y llam\u00f3 a proteger la vida desde la concepci\u00f3n","slug":"victoria-villarruel-critico-el-aborto-legal-y-llamo-a-proteger-la-vida-desde-la-concepcion","taxonomy":"post_tag","meta":[],"_links":{"self":[{"href":"https:\/\/enlamira.info\/index.php\/wp-json\/wp\/v2\/tags\/1173"}],"collection":[{"href":"https:\/\/enlamira.info\/index.php\/wp-json\/wp\/v2\/tags"}],"about":[{"href":"https:\/\/enlamira.info\/index.php\/wp-json\/wp\/v2\/taxonomies\/post_tag"}],"wp:post_type":[{"href":"https:\/\/enlamira.info\/index.php\/wp-json\/wp\/v2\/posts?tags=1173"}],"curies":[{"name":"wp","href":"https:\/\/api.w.org\/{rel}","templated":true}]}}