{"id":1013,"count":1,"description":"","link":"https:\/\/enlamira.info\/index.php\/tag\/francisco-dejo-atras-el-estado-critico-que-dice-el-nuevo-parte-medico-sobre-su-salud\/","name":"Francisco dej\u00f3 atr\u00e1s el estado cr\u00edtico: qu\u00e9 dice el nuevo parte m\u00e9dico sobre su salud","slug":"francisco-dejo-atras-el-estado-critico-que-dice-el-nuevo-parte-medico-sobre-su-salud","taxonomy":"post_tag","meta":[],"_links":{"self":[{"href":"https:\/\/enlamira.info\/index.php\/wp-json\/wp\/v2\/tags\/1013"}],"collection":[{"href":"https:\/\/enlamira.info\/index.php\/wp-json\/wp\/v2\/tags"}],"about":[{"href":"https:\/\/enlamira.info\/index.php\/wp-json\/wp\/v2\/taxonomies\/post_tag"}],"wp:post_type":[{"href":"https:\/\/enlamira.info\/index.php\/wp-json\/wp\/v2\/posts?tags=1013"}],"curies":[{"name":"wp","href":"https:\/\/api.w.org\/{rel}","templated":true}]}}