{"id":1000,"count":1,"description":"","link":"https:\/\/enlamira.info\/index.php\/tag\/horacio-rodriguez-larreta-anuncio-que-sera-candidato-con-criticas-al-pro-y-a-jorge-macri\/","name":"Horacio Rodr\u00edguez Larreta anunci\u00f3 que ser\u00e1 candidato con cr\u00edticas al PRO y a Jorge Macri","slug":"horacio-rodriguez-larreta-anuncio-que-sera-candidato-con-criticas-al-pro-y-a-jorge-macri","taxonomy":"post_tag","meta":[],"_links":{"self":[{"href":"https:\/\/enlamira.info\/index.php\/wp-json\/wp\/v2\/tags\/1000"}],"collection":[{"href":"https:\/\/enlamira.info\/index.php\/wp-json\/wp\/v2\/tags"}],"about":[{"href":"https:\/\/enlamira.info\/index.php\/wp-json\/wp\/v2\/taxonomies\/post_tag"}],"wp:post_type":[{"href":"https:\/\/enlamira.info\/index.php\/wp-json\/wp\/v2\/posts?tags=1000"}],"curies":[{"name":"wp","href":"https:\/\/api.w.org\/{rel}","templated":true}]}}