{"id":9977,"date":"2024-08-16T19:53:59","date_gmt":"2024-08-16T22:53:59","guid":{"rendered":"https:\/\/enlamira.info\/?p=9977"},"modified":"2024-08-16T19:54:46","modified_gmt":"2024-08-16T22:54:46","slug":"elogiando-a-elon-musk-milei-volvio-a-cargar-contra-los-periodistas-son-muy-guapos-para-ensuciar","status":"publish","type":"post","link":"https:\/\/enlamira.info\/index.php\/2024\/08\/16\/elogiando-a-elon-musk-milei-volvio-a-cargar-contra-los-periodistas-son-muy-guapos-para-ensuciar\/","title":{"rendered":"Elogiando a Elon Musk, Milei volvi\u00f3 a cargar contra los periodistas: \u201cSon muy guapos para ensuciar\u201d"},"content":{"rendered":"\n<p>El Presidente destac\u00f3 el papel de X en la eliminaci\u00f3n de la \u201ccensura woke\u201d y defendi\u00f3 los ataques en redes sociales a los medios, a quienes acus\u00f3 de ser \u201cc\u00f3mplices\u201d de la corrupci\u00f3n.<\/p>\n\n\n\n<p>En un nuevo y pol\u00e9mico cruce con la prensa, el presidente\u00a0Javier\u00a0Milei\u00a0arremeti\u00f3 nuevamente contra los periodistas, defendiendo a sus seguidores que los atacan en redes sociales y elogiando la gesti\u00f3n de\u00a0Elon\u00a0Musk\u00a0en X, la plataforma anteriormente conocida como Twitter.<\/p>\n\n\n\n<p>A trav\u00e9s de un extenso posteo en sus redes, el mandatario local cuestion\u00f3 la actitud de los comunicadores, se\u00f1alando que \u201cla libertad de expresi\u00f3n es para todos y no solo para los periodistas\u201d.<\/p>\n\n\n\n<p>El mandatario afirm\u00f3 que los periodistas son \u201cmuy valientes para ensuciar, pero muy d\u00e9biles para enfrentar la r\u00e9plica\u201d. Adem\u00e1s, acus\u00f3 a los medios de ser \u201cllorones\u201d cuando deben enfrentar cr\u00edticas en redes sociales, un espacio que, seg\u00fan Milei, ha recuperado la libertad de expresi\u00f3n bajo la direcci\u00f3n de Musk, tras el fin de la \u201ccensura woke\u201d.<\/p>\n\n\n\n<p>En su mensaje,\u00a0Milei\u00a0destac\u00f3 que muchos periodistas que critican la plataforma X ahora lamentan la p\u00e9rdida de control que antes ejerc\u00edan. \u201cEs casi ir\u00f3nico que aquellos que defend\u00edan la censura ahora se quejen de la libertad\u201d, dispar\u00f3 el presidente, en una clara referencia a la supuesta preferencia de algunos periodistas por los tiempos en los que las opiniones disidentes eran silenciadas en la red social.<\/p>\n\n\n\n<p>El jefe de Estado argentino tambi\u00e9n apunt\u00f3 directamente contra los periodistas, afirmando que \u201ces un cl\u00e1sico verlos llorar porque han perdido el monopolio del micr\u00f3fono\u201d. Seg\u00fan Milei, las redes sociales han permitido que la verdad salga a la luz, exponiendo a los comunicadores que, en sus palabras, han usado su poder para \u201cmentir, calumniar e injuriar\u201d sin enfrentar consecuencias.<\/p>\n\n\n\n<p>Milei, que ha mantenido una relaci\u00f3n tensa con la prensa desde el inicio de su mandato, ha sido cr\u00edtico constante de los medios tradicionales, acus\u00e1ndolos de estar \u201censobrados\u201d y de actuar como c\u00f3mplices de la corrupci\u00f3n. En esta ocasi\u00f3n, reiter\u00f3 que la libertad de expresi\u00f3n debe aplicarse de manera equitativa para todos, y no solo para los periodistas.<\/p>\n\n\n\n<p>El mandatario tambi\u00e9n hizo referencia al \u201csilencio c\u00f3mplice\u201d de los periodistas que, seg\u00fan \u00e9l, recib\u00edan pauta del Estado durante la gesti\u00f3n anterior, sugiriendo que este hecho los hac\u00eda part\u00edcipes de los actos de corrupci\u00f3n del gobierno de Alberto Fern\u00e1ndez. En este contexto, Milei resalt\u00f3 la importancia de las redes sociales como una herramienta para que los ciudadanos verifiquen la veracidad de la informaci\u00f3n, al mismo tiempo que subray\u00f3 que aquellos periodistas con un \u201cpasado oscuro\u201d son los que m\u00e1s odian las redes sociales.<\/p>\n\n\n\n<p>La publicaci\u00f3n, titulada \u201cPERIODISTAS EN LLAMAS\u201d, es la m\u00e1s reciente en una serie de ataques del presidente contra los medios de comunicaci\u00f3n, quienes han sido recurrentemente acusados por Milei de manipular la informaci\u00f3n y de ser parte de una agenda pol\u00edtica que busca desestabilizar su gesti\u00f3n.<\/p>\n","protected":false},"excerpt":{"rendered":"<p>El Presidente destac\u00f3 el papel de X en la eliminaci\u00f3n de la \u201ccensura woke\u201d y defendi\u00f3 los ataques en redes sociales a los medios, a quienes acus\u00f3 de ser \u201cc\u00f3mplices\u201d de la corrupci\u00f3n. En un nuevo y pol\u00e9mico cruce con la prensa, el presidente\u00a0Javier\u00a0Milei\u00a0arremeti\u00f3 nuevamente contra los periodistas, defendiendo a sus seguidores que los atacan [&hellip;]<\/p>\n","protected":false},"author":2,"featured_media":9979,"comment_status":"open","ping_status":"open","sticky":false,"template":"","format":"standard","meta":{"footnotes":""},"categories":[20],"tags":[],"_links":{"self":[{"href":"https:\/\/enlamira.info\/index.php\/wp-json\/wp\/v2\/posts\/9977"}],"collection":[{"href":"https:\/\/enlamira.info\/index.php\/wp-json\/wp\/v2\/posts"}],"about":[{"href":"https:\/\/enlamira.info\/index.php\/wp-json\/wp\/v2\/types\/post"}],"author":[{"embeddable":true,"href":"https:\/\/enlamira.info\/index.php\/wp-json\/wp\/v2\/users\/2"}],"replies":[{"embeddable":true,"href":"https:\/\/enlamira.info\/index.php\/wp-json\/wp\/v2\/comments?post=9977"}],"version-history":[{"count":1,"href":"https:\/\/enlamira.info\/index.php\/wp-json\/wp\/v2\/posts\/9977\/revisions"}],"predecessor-version":[{"id":9978,"href":"https:\/\/enlamira.info\/index.php\/wp-json\/wp\/v2\/posts\/9977\/revisions\/9978"}],"wp:featuredmedia":[{"embeddable":true,"href":"https:\/\/enlamira.info\/index.php\/wp-json\/wp\/v2\/media\/9979"}],"wp:attachment":[{"href":"https:\/\/enlamira.info\/index.php\/wp-json\/wp\/v2\/media?parent=9977"}],"wp:term":[{"taxonomy":"category","embeddable":true,"href":"https:\/\/enlamira.info\/index.php\/wp-json\/wp\/v2\/categories?post=9977"},{"taxonomy":"post_tag","embeddable":true,"href":"https:\/\/enlamira.info\/index.php\/wp-json\/wp\/v2\/tags?post=9977"}],"curies":[{"name":"wp","href":"https:\/\/api.w.org\/{rel}","templated":true}]}}