{"id":9974,"date":"2024-08-16T19:53:03","date_gmt":"2024-08-16T22:53:03","guid":{"rendered":"https:\/\/enlamira.info\/?p=9974"},"modified":"2024-08-16T19:56:15","modified_gmt":"2024-08-16T22:56:15","slug":"el-gobierno-desmintio-el-uso-excesivo-de-fondos-de-la-side-e-impulso-la-creacion-de-la-comision-bicameral","status":"publish","type":"post","link":"https:\/\/enlamira.info\/index.php\/2024\/08\/16\/el-gobierno-desmintio-el-uso-excesivo-de-fondos-de-la-side-e-impulso-la-creacion-de-la-comision-bicameral\/","title":{"rendered":"El Gobierno desminti\u00f3 el uso excesivo de fondos de la SIDE e impuls\u00f3 la creaci\u00f3n de la comisi\u00f3n bicameral"},"content":{"rendered":"\n<p>La Casa Rosada afirm\u00f3 que el presupuesto asignado por DNU se destinar\u00e1 a la compra de tecnolog\u00eda y equipamiento. A\u00fan no hay acuerdo sobre qui\u00e9n la presidir\u00e1 la comisi\u00f3n bicameral encargada de supervisar estos recursos.<\/p>\n\n\n\n<p>El&nbsp;Gobierno&nbsp;Nacional sali\u00f3 al cruce de las cr\u00edticas y neg\u00f3 categ\u00f3ricamente haber gastado el 78% del presupuesto destinado a la&nbsp;Secretar\u00eda&nbsp;de Inteligencia del Estado (SIDE), luego de que trascendieran informes que indicaban un supuesto uso desmedido de los recursos asignados a trav\u00e9s de un&nbsp;Decreto de Necesidad y Urgencia (DNU).<\/p>\n\n\n\n<p>Desde la Casa Rosada, altos funcionarios aseguraron que los\u00a0$100.000 millones\u00a0otorgados a la\u00a0SIDE\u00a0ser\u00e1n utilizados para la compra de tecnolog\u00eda avanzada y equipamiento, con el objetivo de modernizar la infraestructura de la central de inteligencia.<\/p>\n\n\n\n<p>\u201cQueremos comprar el equipamiento que se llev\u00f3 la gesti\u00f3n anterior y darle forma a la nueva estructura\u201d, sostuvo un funcionario en di\u00e1logo con TN.<\/p>\n\n\n\n<p>El Ejecutivo aclar\u00f3 que los&nbsp;$78.000 millones que aparecen como devengados en el presupuesto no han sido efectivamente gastados, sino que ya tienen un destino planificado, pero no han sido ejecutados. Este detalle es clave en medio de las acusaciones que sugieren un uso indiscriminado de los fondos reservados.<\/p>\n\n\n\n<p>Paralelamente, el Gobierno est\u00e1 acelerando los pasos para conformar la comisi\u00f3n bicameral de Inteligencia, encargada de supervisar los movimientos y gastos de la SIDE. Aunque la reuni\u00f3n para la conformaci\u00f3n del \u00f3rgano est\u00e1 pautada para el martes a las 16 horas, todav\u00eda no se ha alcanzado un acuerdo sobre qui\u00e9n la presidir\u00e1. La mesa chica de Balcarce 50 apoya la candidatura de&nbsp;Edgardo Kueider, mientras que el PRO impulsa a Enrique&nbsp;Mart\u00edn Goerling Lara.<\/p>\n\n\n\n<p>Esta comisi\u00f3n tiene la facultad de fiscalizar los recursos de la central de inteligencia y puede proponer la derogaci\u00f3n del DNU que asigna los&nbsp;$100.000 millones, as\u00ed como declarar inconstitucional la reestructuraci\u00f3n de la SIDE, impulsada por el asesor presidencial&nbsp;Santiago Caputo&nbsp;junto con&nbsp;Sergio Neiffert.<\/p>\n\n\n\n<p>La reforma implementada por el Gobierno dividi\u00f3 la SIDE en cuatro nuevas agencias: el Servicio de Inteligencia Argentino (SIA), la Agencia de Seguridad Nacional (ASN), la Agencia Federal de Ciberseguridad (AFC), y la Divisi\u00f3n de Asuntos Internos (DAI), que a\u00fan no cuenta con un titular. Seg\u00fan fuentes cercanas, el Ejecutivo ha seleccionado a un juez federal para liderar la DAI, y ya se encuentra en proceso de solicitud de licencia ante la Corte Suprema.<\/p>\n\n\n\n<p>La Casa Rosada tambi\u00e9n introdujo cambios en el sistema de rendici\u00f3n de cuentas de la SIDE. Ahora, los agentes deber\u00e1n justificar el uso del presupuesto asignado para cada misi\u00f3n espec\u00edfica y devolver cualquier sobrante al finalizar el operativo. Esta medida busca evitar el desv\u00edo de fondos y aumentar la transparencia en la gesti\u00f3n de los recursos.<\/p>\n\n\n\n<p>El Gobierno est\u00e1 apurando la compra de equipamiento para la central de inteligencia y busca ampliar la capacidad tecnol\u00f3gica disponible. El detalle de los gastos deber\u00e1 ser presentado de manera trimestral ante la comisi\u00f3n bicameral, una vez que est\u00e9 formalmente constituida.<\/p>\n\n\n\n<p>Mientras tanto, el Ejecutivo enfrenta tensiones con sectores de la oposici\u00f3n, especialmente con el diputado Emilio Monz\u00f3, de Encuentro Federal, en torno a la composici\u00f3n de la comisi\u00f3n. Uni\u00f3n por la Patria, con seis votos, buscar\u00e1 imponer a Kueider como presidente, mientras que el PRO, con tres votos, junto con la UCR y La Libertad Avanza, intentar\u00e1n frenar su designaci\u00f3n.<\/p>\n","protected":false},"excerpt":{"rendered":"<p>La Casa Rosada afirm\u00f3 que el presupuesto asignado por DNU se destinar\u00e1 a la compra de tecnolog\u00eda y equipamiento. A\u00fan no hay acuerdo sobre qui\u00e9n la presidir\u00e1 la comisi\u00f3n bicameral encargada de supervisar estos recursos. El&nbsp;Gobierno&nbsp;Nacional sali\u00f3 al cruce de las cr\u00edticas y neg\u00f3 categ\u00f3ricamente haber gastado el 78% del presupuesto destinado a la&nbsp;Secretar\u00eda&nbsp;de Inteligencia [&hellip;]<\/p>\n","protected":false},"author":2,"featured_media":9976,"comment_status":"open","ping_status":"open","sticky":false,"template":"","format":"standard","meta":{"footnotes":""},"categories":[20],"tags":[],"_links":{"self":[{"href":"https:\/\/enlamira.info\/index.php\/wp-json\/wp\/v2\/posts\/9974"}],"collection":[{"href":"https:\/\/enlamira.info\/index.php\/wp-json\/wp\/v2\/posts"}],"about":[{"href":"https:\/\/enlamira.info\/index.php\/wp-json\/wp\/v2\/types\/post"}],"author":[{"embeddable":true,"href":"https:\/\/enlamira.info\/index.php\/wp-json\/wp\/v2\/users\/2"}],"replies":[{"embeddable":true,"href":"https:\/\/enlamira.info\/index.php\/wp-json\/wp\/v2\/comments?post=9974"}],"version-history":[{"count":2,"href":"https:\/\/enlamira.info\/index.php\/wp-json\/wp\/v2\/posts\/9974\/revisions"}],"predecessor-version":[{"id":9980,"href":"https:\/\/enlamira.info\/index.php\/wp-json\/wp\/v2\/posts\/9974\/revisions\/9980"}],"wp:featuredmedia":[{"embeddable":true,"href":"https:\/\/enlamira.info\/index.php\/wp-json\/wp\/v2\/media\/9976"}],"wp:attachment":[{"href":"https:\/\/enlamira.info\/index.php\/wp-json\/wp\/v2\/media?parent=9974"}],"wp:term":[{"taxonomy":"category","embeddable":true,"href":"https:\/\/enlamira.info\/index.php\/wp-json\/wp\/v2\/categories?post=9974"},{"taxonomy":"post_tag","embeddable":true,"href":"https:\/\/enlamira.info\/index.php\/wp-json\/wp\/v2\/tags?post=9974"}],"curies":[{"name":"wp","href":"https:\/\/api.w.org\/{rel}","templated":true}]}}