{"id":9960,"date":"2024-08-16T19:47:35","date_gmt":"2024-08-16T22:47:35","guid":{"rendered":"https:\/\/enlamira.info\/?p=9960"},"modified":"2024-08-16T19:58:14","modified_gmt":"2024-08-16T22:58:14","slug":"caso-alberto-fernandez-el-gobierno-afirma-no-tener-las-grabaciones-de-las-camaras-de-olivos","status":"publish","type":"post","link":"https:\/\/enlamira.info\/index.php\/2024\/08\/16\/caso-alberto-fernandez-el-gobierno-afirma-no-tener-las-grabaciones-de-las-camaras-de-olivos\/","title":{"rendered":"Caso Alberto Fern\u00e1ndez: el Gobierno afirma no tener las grabaciones de las c\u00e1maras de Olivos"},"content":{"rendered":"\n<p>Tras el pedido del fiscal Ramiro Gonz\u00e1lez, en el marco de la denuncia presentada por Fabiola Ya\u00f1ez contra el exmandatario, el Ejecutivo sostiene que las \u00faltimas filmaciones de archivo datan de mayo de 2024.<\/p>\n\n\n\n<p>El Gobierno declar\u00f3 que no dispone de las grabaciones de las\u00a0c\u00e1maras de seguridad de la quinta de Olivos\u00a0que fueron solicitadas por la Justicia en el marco de la denuncia de violencia de g\u00e9nero presentada por\u00a0Fabiola Ya\u00f1ez\u00a0contra\u00a0Alberto Fern\u00e1ndez.<\/p>\n\n\n\n<p>\u201cNo hay registro de las c\u00e1maras de Olivos porque no se genera archivo. Lo \u00faltimo que hay de filmaciones es de mayo de este a\u00f1o. De 2021 no hay nada y vamos a tener que explicarle a la Justicia c\u00f3mo funciona el disco r\u00edgido de las c\u00e1maras\u201d, habr\u00eda revelado un alto funcionario en di\u00e1logo con&nbsp;<em>TN<\/em>.<\/p>\n\n\n\n<p>El fiscal Ramiro Gonz\u00e1lez hab\u00eda requerido los videos correspondientes a las \u00e1reas internas, alrededor del chalet presidencial y la zona de hu\u00e9spedes, en el periodo comprendido entre abril y agosto de 2021. Durante esos meses, la ex primera dama acus\u00f3 al expresidente de\u00a0haberla agredido f\u00edsicamente, espec\u00edficamente en el ojo, el abdomen y los brazos.<\/p>\n\n\n\n<p>La responsabilidad de responder a esta solicitud recae en Karina Milei, secretaria general de la Presidencia, quien tiene bajo su supervisi\u00f3n a la Casa Militar. Actualmente, el titular de esta entidad es Sebasti\u00e1n Ib\u00e1\u00f1ez, quien en marzo reemplaz\u00f3 a Alejandro Guglielmi. La coordinaci\u00f3n de las c\u00e1maras de seguridad est\u00e1 a cargo del\u00a0Centro de Operaciones de Seguridad (COS).<\/p>\n\n\n\n<p>La empresa encargada del mantenimiento de las c\u00e1maras es Automation Systems, dirigida por el exteniente de Fragata Armando Ra\u00fal Mayora, quien particip\u00f3 en la guerra de las Islas Malvinas y en la misi\u00f3n que hundi\u00f3 el buque ingl\u00e9s Sheffield.&nbsp;<\/p>\n\n\n\n<p>Dicho servicio fue contratado durante la\u00a0gesti\u00f3n de Fern\u00e1ndez\u00a0y, en marzo, Karina Milei ampli\u00f3 el contrato por seis meses, por un valor de $30.360.000. El contrato incluye el mantenimiento integral, preventivo y correctivo del sistema de circuito cerrado en la Casa Rosada, el Museo del Bicentenario y la Residencia Presidencial de Olivos.<\/p>\n\n\n\n<p>Seg\u00fan trascendi\u00f3, el sistema de c\u00e1maras de la quinta de Olivos almacena grabaciones en un disco r\u00edgido con capacidad para un per\u00edodo de entre un mes y medio y tres meses, lo que significa que no se conservan filmaciones de a\u00f1os anteriores. Solo tres personas tienen acceso a estos registros.<\/p>\n\n\n\n<p>\u201cLa c\u00e1mara elimina autom\u00e1ticamente todo registro cuando llega al l\u00edmite de almacenamiento. Funcionan de esa forma y est\u00e1 prestablecido para que puedan seguir grabando.\u00a0No entendemos porqu\u00e9 el fiscal pidi\u00f3 ese detalle\u201d, explic\u00f3 un alto funcionario.\u00a0<\/p>\n\n\n\n<p>De todos modos, el Gobierno afirm\u00f3 que presentar\u00e1 ante la Justicia los registros de ingreso del personal dom\u00e9stico del chalet y de la casa de hu\u00e9spedes de la residencia presidencial, junto con los registros de ingreso del exdirector de la Unidad M\u00e9dica Presidencial, Federico Saavedra.<\/p>\n\n\n\n<p>\u201cVamos a colaborar con lo que tengamos\u201d, aseguraron desde Balcarce 50. Adem\u00e1s, otro de los pedidos del fiscal Gonz\u00e1lez incluye los datos del personal de la Casa Militar que acompa\u00f1\u00f3 a Fabiola Ya\u00f1ez en un viaje a la provincia de Misiones en 2021, as\u00ed como las constancias de atenci\u00f3n a la exprimera dama por parte de la Unidad M\u00e9dica Presidencial desde diciembre de 2019 hasta diciembre de 2023.<\/p>\n\n\n\n<p>El juez federal Juli\u00e1n Ercolini rechaz\u00f3 la solicitud del fiscal de realizar una inspecci\u00f3n judicial en la residencia presidencial de Olivos. En cambio, orden\u00f3 investigar las\u00a0llamadas entre Ya\u00f1ez y Fern\u00e1ndez\u00a0desde 2016 hasta finales de 2023.<\/p>\n\n\n\n<p>La Justicia tambi\u00e9n cit\u00f3 a declarar como testigos a la exsecretaria privada de Alberto Fern\u00e1ndez, Mar\u00eda Cantero, junto con Federico Saavedra y el exintendente de la Quinta de Olivos, Daniel Rodr\u00edguez. Adem\u00e1s, fueron convocadas la madre de la denunciante, Miriam Ya\u00f1ez Verdugo, y Sof\u00eda Pacchi.<\/p>\n","protected":false},"excerpt":{"rendered":"<p>Tras el pedido del fiscal Ramiro Gonz\u00e1lez, en el marco de la denuncia presentada por Fabiola Ya\u00f1ez contra el exmandatario, el Ejecutivo sostiene que las \u00faltimas filmaciones de archivo datan de mayo de 2024. El Gobierno declar\u00f3 que no dispone de las grabaciones de las\u00a0c\u00e1maras de seguridad de la quinta de Olivos\u00a0que fueron solicitadas por [&hellip;]<\/p>\n","protected":false},"author":2,"featured_media":9962,"comment_status":"open","ping_status":"open","sticky":false,"template":"","format":"standard","meta":{"footnotes":""},"categories":[20],"tags":[],"_links":{"self":[{"href":"https:\/\/enlamira.info\/index.php\/wp-json\/wp\/v2\/posts\/9960"}],"collection":[{"href":"https:\/\/enlamira.info\/index.php\/wp-json\/wp\/v2\/posts"}],"about":[{"href":"https:\/\/enlamira.info\/index.php\/wp-json\/wp\/v2\/types\/post"}],"author":[{"embeddable":true,"href":"https:\/\/enlamira.info\/index.php\/wp-json\/wp\/v2\/users\/2"}],"replies":[{"embeddable":true,"href":"https:\/\/enlamira.info\/index.php\/wp-json\/wp\/v2\/comments?post=9960"}],"version-history":[{"count":1,"href":"https:\/\/enlamira.info\/index.php\/wp-json\/wp\/v2\/posts\/9960\/revisions"}],"predecessor-version":[{"id":9961,"href":"https:\/\/enlamira.info\/index.php\/wp-json\/wp\/v2\/posts\/9960\/revisions\/9961"}],"wp:featuredmedia":[{"embeddable":true,"href":"https:\/\/enlamira.info\/index.php\/wp-json\/wp\/v2\/media\/9962"}],"wp:attachment":[{"href":"https:\/\/enlamira.info\/index.php\/wp-json\/wp\/v2\/media?parent=9960"}],"wp:term":[{"taxonomy":"category","embeddable":true,"href":"https:\/\/enlamira.info\/index.php\/wp-json\/wp\/v2\/categories?post=9960"},{"taxonomy":"post_tag","embeddable":true,"href":"https:\/\/enlamira.info\/index.php\/wp-json\/wp\/v2\/tags?post=9960"}],"curies":[{"name":"wp","href":"https:\/\/api.w.org\/{rel}","templated":true}]}}