{"id":9937,"date":"2024-08-15T19:08:08","date_gmt":"2024-08-15T22:08:08","guid":{"rendered":"https:\/\/enlamira.info\/?p=9937"},"modified":"2024-08-15T19:08:48","modified_gmt":"2024-08-15T22:08:48","slug":"silvana-giudici-cargo-contra-alberto-fernandez-y-pidio-eliminar-sus-jubilaciones-de-privilegio","status":"publish","type":"post","link":"https:\/\/enlamira.info\/index.php\/2024\/08\/15\/silvana-giudici-cargo-contra-alberto-fernandez-y-pidio-eliminar-sus-jubilaciones-de-privilegio\/","title":{"rendered":"Silvana Giudici carg\u00f3 contra Alberto Fern\u00e1ndez y pidi\u00f3 eliminar sus jubilaciones de privilegio"},"content":{"rendered":"\n<p>La diputada del PRO, Silvana Giudici, solicit\u00f3 la eliminaci\u00f3n de las jubilaciones de privilegio de Alberto Fern\u00e1ndez, Cristina Kirchner y Amado Boudou, en medio de fuertes cr\u00edticas hacia el expresidente por la denuncia de violencia de g\u00e9nero presentada por Fabiola Y\u00e1\u00f1ez.<\/p>\n\n\n\n<p>En un encendido discurso durante la sesi\u00f3n de la C\u00e1mara de Diputados, la legisladora del PRO,\u00a0Silvana\u00a0Giudici, critic\u00f3 duramente al expresidente\u00a0Alberto\u00a0Fern\u00e1ndez,\u00a0al tiempo que present\u00f3 un proyecto para retirar las jubilaciones de privilegio tanto a \u00e9l como a\u00a0Cristina Kirchner y Amado Boudou.<\/p>\n\n\n\n<p>La diputada enfatiz\u00f3 la gravedad de la denuncia de violencia de g\u00e9nero que pesa sobre el exmandatario, realizada por su expareja,\u00a0Fabiola Y\u00e1\u00f1ez, y cuestion\u00f3 la falta de reacci\u00f3n del movimiento feminista ante este caso.<\/p>\n\n\n\n<p>Giudici\u00a0hizo una fuerte declaraci\u00f3n en medio del debate sobre la\u00a0Ley\u00a0Finocchiaro, destinada a declarar la educaci\u00f3n como servicio esencial. \u201cNadie ha mencionado a\u00fan la urgencia de que esta C\u00e1mara trate uno de los hechos m\u00e1s humillantes para los argentinos: tener un expresidente golpeador y violento que, mientras nos encerraba durante la pandemia, celebraba fiestas en la Casa Rosada\u201d, expres\u00f3 la diputada, refiri\u00e9ndose a las restricciones por el COVID-19 y a las denuncias que rodean al exjefe de Estado.<\/p>\n\n\n\n<p>Adem\u00e1s, la legisladora apunt\u00f3 contra la hipocres\u00eda que, seg\u00fan ella, existe dentro del movimiento feminista. \u201cNo he escuchado a ninguna de las feministas, con quienes compartimos la lucha por derechos como la ley de aborto y la igualdad de oportunidades, alzar la voz ante esta denuncia de violencia que involucra al expresidente\u201d, se\u00f1al\u00f3 Giudici, lamentando el silencio ante un caso que, seg\u00fan Y\u00e1\u00f1ez, incluye episodios de golpes y consumo excesivo de alcohol.<\/p>\n\n\n\n<p>La diputada del PRO tambi\u00e9n mencion\u00f3 la falta de acci\u00f3n por parte de la ministra de la Mujer,\u00a0Ayel\u00e9n Mazzina, ante la situaci\u00f3n denunciada por Y\u00e1\u00f1ez. \u201cEs incre\u00edble que, sabiendo lo que ocurr\u00eda, la ministra no haya tomado cartas en el asunto\u201d, critic\u00f3 Giudici, a\u00f1adiendo que este tipo de actitudes no solo reflejan hipocres\u00eda, sino tambi\u00e9n un profundo desprecio por las v\u00edctimas de violencia de g\u00e9nero.<\/p>\n\n\n\n<p>Giudici\u00a0finaliz\u00f3 su intervenci\u00f3n solicitando un apartamiento del reglamento para presentar un proyecto de ley que busca quitar las jubilaciones de privilegio a quienes, seg\u00fan sus palabras, \u201cmancillan la instituci\u00f3n presidencial\u201d. Adem\u00e1s de Fern\u00e1ndez, la propuesta incluye a Cristina Kirchner y Amado Boudou, quienes, seg\u00fan la diputada, no deber\u00edan seguir gozando de estos beneficios debido a sus condenas judiciales.<\/p>\n","protected":false},"excerpt":{"rendered":"<p>La diputada del PRO, Silvana Giudici, solicit\u00f3 la eliminaci\u00f3n de las jubilaciones de privilegio de Alberto Fern\u00e1ndez, Cristina Kirchner y Amado Boudou, en medio de fuertes cr\u00edticas hacia el expresidente por la denuncia de violencia de g\u00e9nero presentada por Fabiola Y\u00e1\u00f1ez. En un encendido discurso durante la sesi\u00f3n de la C\u00e1mara de Diputados, la legisladora [&hellip;]<\/p>\n","protected":false},"author":2,"featured_media":9939,"comment_status":"open","ping_status":"open","sticky":false,"template":"","format":"standard","meta":{"footnotes":""},"categories":[20],"tags":[],"_links":{"self":[{"href":"https:\/\/enlamira.info\/index.php\/wp-json\/wp\/v2\/posts\/9937"}],"collection":[{"href":"https:\/\/enlamira.info\/index.php\/wp-json\/wp\/v2\/posts"}],"about":[{"href":"https:\/\/enlamira.info\/index.php\/wp-json\/wp\/v2\/types\/post"}],"author":[{"embeddable":true,"href":"https:\/\/enlamira.info\/index.php\/wp-json\/wp\/v2\/users\/2"}],"replies":[{"embeddable":true,"href":"https:\/\/enlamira.info\/index.php\/wp-json\/wp\/v2\/comments?post=9937"}],"version-history":[{"count":1,"href":"https:\/\/enlamira.info\/index.php\/wp-json\/wp\/v2\/posts\/9937\/revisions"}],"predecessor-version":[{"id":9938,"href":"https:\/\/enlamira.info\/index.php\/wp-json\/wp\/v2\/posts\/9937\/revisions\/9938"}],"wp:featuredmedia":[{"embeddable":true,"href":"https:\/\/enlamira.info\/index.php\/wp-json\/wp\/v2\/media\/9939"}],"wp:attachment":[{"href":"https:\/\/enlamira.info\/index.php\/wp-json\/wp\/v2\/media?parent=9937"}],"wp:term":[{"taxonomy":"category","embeddable":true,"href":"https:\/\/enlamira.info\/index.php\/wp-json\/wp\/v2\/categories?post=9937"},{"taxonomy":"post_tag","embeddable":true,"href":"https:\/\/enlamira.info\/index.php\/wp-json\/wp\/v2\/tags?post=9937"}],"curies":[{"name":"wp","href":"https:\/\/api.w.org\/{rel}","templated":true}]}}