{"id":9933,"date":"2024-08-15T19:07:07","date_gmt":"2024-08-15T22:07:07","guid":{"rendered":"https:\/\/enlamira.info\/?p=9933"},"modified":"2024-08-15T19:09:35","modified_gmt":"2024-08-15T22:09:35","slug":"la-dura-critica-de-un-intendente-peronista-a-alberto-fernandez-se-rompio-solo-ojala-que-vaya-preso","status":"publish","type":"post","link":"https:\/\/enlamira.info\/index.php\/2024\/08\/15\/la-dura-critica-de-un-intendente-peronista-a-alberto-fernandez-se-rompio-solo-ojala-que-vaya-preso\/","title":{"rendered":"La dura cr\u00edtica de un intendente peronista a Alberto Fern\u00e1ndez: \u201cSe rompi\u00f3 solo, ojal\u00e1 que vaya preso\u201d"},"content":{"rendered":"\n<p>Pablo Zurro, el jefe comunal de Pehuaj\u00f3 apunt\u00f3 contra el expresidente tras la denuncia de violencia de g\u00e9nero en su contra, afirmando que el peronismo no puede defender a un golpeador.<\/p>\n\n\n\n<p>La denuncia de violencia de g\u00e9nero presentada por\u00a0Fabiola\u00a0Y\u00e1\u00f1ez\u00a0contra su expareja, el expresidente\u00a0Alberto\u00a0Fern\u00e1ndez, gener\u00f3 un fuerte impacto en el \u00e1mbito pol\u00edtico, particularmente dentro del\u00a0peronismo.<\/p>\n\n\n\n<p>Pablo\u00a0Zurro, intendente de Pehuaj\u00f3 y cr\u00edtico de Milei, no dud\u00f3 en expresar su indignaci\u00f3n y rechazo hacia el exmandatario. \u201cOjal\u00e1 que vaya en cana\u201d, dispar\u00f3 el mandatario local en declaraciones radiales.<\/p>\n\n\n\n<p>El jefe comunal fue contundente al se\u00f1alar que\u00a0Fern\u00e1ndez\u00a0\u201cse rompi\u00f3 solo\u201d y que el peronismo no tiene por qu\u00e9 hacerse \u201ccargo de un golpeador\u201d. En su intervenci\u00f3n, Zurro record\u00f3 los esfuerzos realizados por el gobierno de Axel Kicillof y los intendentes durante la pandemia, en contraste con las actitudes del expresidente. \u201cNos matamos para que el pueblo argentino no tenga tantas muertes, pero mir\u00e1s a Alberto y ahora vuelve a hacer lo mismo, potenciado; una verg\u00fcenza\u201d, expres\u00f3 durante una entrevista en radio Splendid.<\/p>\n\n\n\n<p>El pronunciamiento de\u00a0Zurro\u00a0se suma a las recientes declaraciones de otros referentes del peronismo, quienes han mostrado su preocupaci\u00f3n por la situaci\u00f3n judicial de Fern\u00e1ndez. El gobernador Axel Kicillof, por su parte, calific\u00f3 la denuncia de Y\u00e1\u00f1ez como \u201cgrav\u00edsima\u201d y pidi\u00f3 una r\u00e1pida intervenci\u00f3n de la Justicia para resolver el caso.<\/p>\n\n\n\n<p>En un tono a\u00fan m\u00e1s cr\u00edtico,\u00a0Cristina Kirchner, exvicepresidenta y quien fuera la principal impulsora de la candidatura de Fern\u00e1ndez, tambi\u00e9n se manifest\u00f3 en contra de su ex compa\u00f1ero de f\u00f3rmula. \u201cLas fotos de Ya\u00f1ez con golpes en su rostro delatan lo m\u00e1s s\u00f3rdido y oscuro de la condici\u00f3n humana\u201d, expres\u00f3 la exmandataria a trav\u00e9s de sus redes sociales, denunciando la misoginia y el machismo que, seg\u00fan ella, atraviesan todas las esferas del poder.<\/p>\n\n\n\n<p>El fiscal federal Ramiro Gonz\u00e1lez ya imput\u00f3 a Fern\u00e1ndez y ha ordenado una serie de medidas de prueba, incluyendo la citaci\u00f3n de varios testigos cercanos al expresidente y la solicitud de las c\u00e1maras de seguridad de la Quinta de Olivos para verificar los hechos denunciados por Y\u00e1\u00f1ez. Entre los convocados figuran excolaboradores de Fern\u00e1ndez, como su secretaria privada Mar\u00eda Cantero y el ex jefe de la Unidad M\u00e9dica Presidencial, Federico Saavedra.<\/p>\n\n\n\n<p>Adem\u00e1s de la denuncia de violencia de g\u00e9nero,\u00a0Fern\u00e1ndez\u00a0enfrenta investigaciones por presuntas irregularidades en la contrataci\u00f3n de seguros durante su mandato, lo que agrava a\u00fan m\u00e1s su situaci\u00f3n judicial. Seg\u00fan fuentes cercanas a la investigaci\u00f3n, las pruebas recopiladas hasta el momento sugieren una relaci\u00f3n marcada por el abuso de poder y la violencia, en un contexto de desigualdad y control por parte del exmandatario.<\/p>\n\n\n\n<p>En paralelo, la C\u00e1mara de Diputados tambi\u00e9n ha sido escenario de fuertes cr\u00edticas hacia Fern\u00e1ndez.\u00a0Silvana Giudici, diputada del PRO, aprovech\u00f3 una cuesti\u00f3n de privilegio para presentar un proyecto de ley que busca eliminar las jubilaciones de privilegio del expresidente, as\u00ed como de otros exfuncionarios condenados, como Cristina Kirchner y Amado Boudou.<\/p>\n","protected":false},"excerpt":{"rendered":"<p>Pablo Zurro, el jefe comunal de Pehuaj\u00f3 apunt\u00f3 contra el expresidente tras la denuncia de violencia de g\u00e9nero en su contra, afirmando que el peronismo no puede defender a un golpeador. La denuncia de violencia de g\u00e9nero presentada por\u00a0Fabiola\u00a0Y\u00e1\u00f1ez\u00a0contra su expareja, el expresidente\u00a0Alberto\u00a0Fern\u00e1ndez, gener\u00f3 un fuerte impacto en el \u00e1mbito pol\u00edtico, particularmente dentro del\u00a0peronismo. Pablo\u00a0Zurro, [&hellip;]<\/p>\n","protected":false},"author":2,"featured_media":9936,"comment_status":"open","ping_status":"open","sticky":false,"template":"","format":"standard","meta":{"footnotes":""},"categories":[20],"tags":[],"_links":{"self":[{"href":"https:\/\/enlamira.info\/index.php\/wp-json\/wp\/v2\/posts\/9933"}],"collection":[{"href":"https:\/\/enlamira.info\/index.php\/wp-json\/wp\/v2\/posts"}],"about":[{"href":"https:\/\/enlamira.info\/index.php\/wp-json\/wp\/v2\/types\/post"}],"author":[{"embeddable":true,"href":"https:\/\/enlamira.info\/index.php\/wp-json\/wp\/v2\/users\/2"}],"replies":[{"embeddable":true,"href":"https:\/\/enlamira.info\/index.php\/wp-json\/wp\/v2\/comments?post=9933"}],"version-history":[{"count":1,"href":"https:\/\/enlamira.info\/index.php\/wp-json\/wp\/v2\/posts\/9933\/revisions"}],"predecessor-version":[{"id":9934,"href":"https:\/\/enlamira.info\/index.php\/wp-json\/wp\/v2\/posts\/9933\/revisions\/9934"}],"wp:featuredmedia":[{"embeddable":true,"href":"https:\/\/enlamira.info\/index.php\/wp-json\/wp\/v2\/media\/9936"}],"wp:attachment":[{"href":"https:\/\/enlamira.info\/index.php\/wp-json\/wp\/v2\/media?parent=9933"}],"wp:term":[{"taxonomy":"category","embeddable":true,"href":"https:\/\/enlamira.info\/index.php\/wp-json\/wp\/v2\/categories?post=9933"},{"taxonomy":"post_tag","embeddable":true,"href":"https:\/\/enlamira.info\/index.php\/wp-json\/wp\/v2\/tags?post=9933"}],"curies":[{"name":"wp","href":"https:\/\/api.w.org\/{rel}","templated":true}]}}