{"id":9929,"date":"2024-08-15T19:06:01","date_gmt":"2024-08-15T22:06:01","guid":{"rendered":"https:\/\/enlamira.info\/?p=9929"},"modified":"2024-08-15T19:10:10","modified_gmt":"2024-08-15T22:10:10","slug":"el-ultimatum-de-cristina-a-alberto-en-olivos-deja-de-exponerte-con-las-mujeres-que-traes-aca","status":"publish","type":"post","link":"https:\/\/enlamira.info\/index.php\/2024\/08\/15\/el-ultimatum-de-cristina-a-alberto-en-olivos-deja-de-exponerte-con-las-mujeres-que-traes-aca\/","title":{"rendered":"El ultim\u00e1tum de Cristina a Alberto en Olivos: \u201cDej\u00e1 de exponerte con las mujeres que tra\u00e9s ac\u00e1\u201d"},"content":{"rendered":"\n<p>En septiembre de 2021, tras la derrota en las PASO, la exvicepresidenta enfrent\u00f3 al primer mandatario por no proteger su vida privada en medio de las tensiones pol\u00edticas.<\/p>\n\n\n\n<p>El 14 de septiembre de 2021, apenas dos d\u00edas despu\u00e9s de la estrepitosa derrota del\u00a0Frente\u00a0de Todos en las elecciones PASO legislativas, la tensi\u00f3n entre\u00a0Cristina Kirchner y\u00a0Alberto\u00a0Fern\u00e1ndez\u00a0alcanz\u00f3 un punto cr\u00edtico.<\/p>\n\n\n\n<p>La entonces vicepresidenta se dirigi\u00f3 a la Quinta de Olivos para mantener una reuni\u00f3n de emergencia con el presidente, en la que se abordaron los errores pol\u00edticos y las consecuencias de sus decisiones. Sin embargo, la conversaci\u00f3n no solo gir\u00f3 en torno a la estrategia electoral, seg\u00fan detalla el periodista Bernardo V\u00e1zquez de Clar\u00edn, quien accedi\u00f3 a los detalles del encuentro.<\/p>\n\n\n\n<p>La cita, que se extendi\u00f3 por tres horas y media, fue en gran medida dominada por\u00a0Cristina, quien, en su tono caracter\u00edstico, no escatim\u00f3 en reproches hacia el mandatario. Seg\u00fan fuentes cercanas al kirchnerismo, uno de los momentos m\u00e1s tensos del encuentro fue cuando la exmandataria arremeti\u00f3 contra\u00a0Fern\u00e1ndez\u00a0por su falta de discreci\u00f3n en su vida privada.<\/p>\n\n\n\n<p>\u201cAlberto, ten\u00e9s que dejar de joder con las minas que tra\u00e9s ac\u00e1, sos el presidente. Empez\u00e1 a controlar lo que hac\u00e9s en tu vida privada porque todo el mundo lo sabe y nos va a causar problemas a todos\u201d, habr\u00eda gritado\u00a0Cristina, en una advertencia que dej\u00f3 al presidente visiblemente inc\u00f3modo.<\/p>\n\n\n\n<p>Este episodio se produjo en un contexto de creciente desconfianza y distanciamiento entre ambos dirigentes, que para ese entonces ya no manten\u00edan comunicaci\u00f3n directa, ni siquiera por las v\u00edas seguras que sol\u00edan utilizar.\u00a0Cristina Kirchner\u00a0estaba particularmente molesta por lo que consideraba una falta de liderazgo y decisiones err\u00e1ticas que llevaron al fracaso electoral, pero tambi\u00e9n por las repercusiones de los esc\u00e1ndalos que rodeaban al mandatario.<\/p>\n\n\n\n<p>El m\u00e1s resonante, fue el de la \u201cFiesta de Olivos\u201d, el cumplea\u00f1os de\u00a0Fabiola Y\u00e1nez\u00a0celebrado en plena cuarentena estricta en julio de 2020. La filtraci\u00f3n de una foto de ese evento gener\u00f3 un gran revuelo medi\u00e1tico y pol\u00edtico, alimentando las cr\u00edticas internas en el Frente de Todos y exponiendo la fragilidad del gobierno de Fern\u00e1ndez. Cristina, consciente del da\u00f1o que esto provocaba en la imagen del gobierno, no dud\u00f3 en recriminarle al presidente su falta de cuidado y las constantes desprolijidades que, seg\u00fan ella, pon\u00edan en riesgo la estabilidad del espacio pol\u00edtico.<\/p>\n\n\n\n<p>Adem\u00e1s, las actitudes de\u00a0Fern\u00e1ndez\u00a0hacia mujeres en su entorno, incluyendo funcionarias y periodistas, eran un tema recurrente de murmuraci\u00f3n en Olivos y la Casa Rosada. Seg\u00fan se comenta en c\u00edrculos cercanos, un incidente que a\u00fan se recuerda fue cuando un importante empresario relat\u00f3 que una empleada suya fue intimidada por una videollamada del presidente en horas de la medianoche, en la que Fern\u00e1ndez aparec\u00eda desde su cama, en un tono que la joven consider\u00f3 inapropiado.<\/p>\n\n\n\n<p>Este episodio, que no pas\u00f3 a mayores, fue solo uno de los muchos que contribuyeron a la percepci\u00f3n de un presidente m\u00e1s preocupado por su vida personal que por la gesti\u00f3n del pa\u00eds. Cristina, preocupada por las posibles consecuencias pol\u00edticas y medi\u00e1ticas, dej\u00f3 claro en esa reuni\u00f3n en Olivos que el comportamiento de Fern\u00e1ndez no solo lo afectaba a \u00e9l, sino a todo el espacio pol\u00edtico que compart\u00edan.<\/p>\n\n\n\n<p>La tensi\u00f3n entre ambos l\u00edderes se mantuvo hasta el final de su mandato conjunto, con constantes fricciones que debilitaban la cohesi\u00f3n interna del gobierno. La relaci\u00f3n, marcada por desconfianza y reproches, reflejaba un Frente de Todos que, lejos de la unidad prometida, se desmoronaba ante la mirada at\u00f3nita de sus propios integrantes y de la sociedad argentina.<\/p>\n","protected":false},"excerpt":{"rendered":"<p>En septiembre de 2021, tras la derrota en las PASO, la exvicepresidenta enfrent\u00f3 al primer mandatario por no proteger su vida privada en medio de las tensiones pol\u00edticas. El 14 de septiembre de 2021, apenas dos d\u00edas despu\u00e9s de la estrepitosa derrota del\u00a0Frente\u00a0de Todos en las elecciones PASO legislativas, la tensi\u00f3n entre\u00a0Cristina Kirchner y\u00a0Alberto\u00a0Fern\u00e1ndez\u00a0alcanz\u00f3 un [&hellip;]<\/p>\n","protected":false},"author":2,"featured_media":9932,"comment_status":"open","ping_status":"open","sticky":false,"template":"","format":"standard","meta":{"footnotes":""},"categories":[20],"tags":[],"_links":{"self":[{"href":"https:\/\/enlamira.info\/index.php\/wp-json\/wp\/v2\/posts\/9929"}],"collection":[{"href":"https:\/\/enlamira.info\/index.php\/wp-json\/wp\/v2\/posts"}],"about":[{"href":"https:\/\/enlamira.info\/index.php\/wp-json\/wp\/v2\/types\/post"}],"author":[{"embeddable":true,"href":"https:\/\/enlamira.info\/index.php\/wp-json\/wp\/v2\/users\/2"}],"replies":[{"embeddable":true,"href":"https:\/\/enlamira.info\/index.php\/wp-json\/wp\/v2\/comments?post=9929"}],"version-history":[{"count":1,"href":"https:\/\/enlamira.info\/index.php\/wp-json\/wp\/v2\/posts\/9929\/revisions"}],"predecessor-version":[{"id":9930,"href":"https:\/\/enlamira.info\/index.php\/wp-json\/wp\/v2\/posts\/9929\/revisions\/9930"}],"wp:featuredmedia":[{"embeddable":true,"href":"https:\/\/enlamira.info\/index.php\/wp-json\/wp\/v2\/media\/9932"}],"wp:attachment":[{"href":"https:\/\/enlamira.info\/index.php\/wp-json\/wp\/v2\/media?parent=9929"}],"wp:term":[{"taxonomy":"category","embeddable":true,"href":"https:\/\/enlamira.info\/index.php\/wp-json\/wp\/v2\/categories?post=9929"},{"taxonomy":"post_tag","embeddable":true,"href":"https:\/\/enlamira.info\/index.php\/wp-json\/wp\/v2\/tags?post=9929"}],"curies":[{"name":"wp","href":"https:\/\/api.w.org\/{rel}","templated":true}]}}