{"id":9926,"date":"2024-08-15T19:04:58","date_gmt":"2024-08-15T22:04:58","guid":{"rendered":"https:\/\/enlamira.info\/?p=9926"},"modified":"2024-08-15T19:11:12","modified_gmt":"2024-08-15T22:11:12","slug":"datos-que-duelen-el-63-de-los-ninos-es-pobre-y-el-162-vive-en-la-indigencia","status":"publish","type":"post","link":"https:\/\/enlamira.info\/index.php\/2024\/08\/15\/datos-que-duelen-el-63-de-los-ninos-es-pobre-y-el-162-vive-en-la-indigencia\/","title":{"rendered":"Datos que duelen: el 63% de los ni\u00f1os es pobre y el 16,2% vive en la indigencia"},"content":{"rendered":"\n<p>As\u00ed lo revel\u00f3 el \u00faltimo informe de la Universidad Cat\u00f3lica Argentina, que relev\u00f3 la situaci\u00f3n de los menores de 17 a\u00f1os durante el a\u00f1o pasado. Es la cifra de pobreza m\u00e1s alta desde el 2010.<\/p>\n\n\n\n<p>En medio de una fuerte\u00a0recesi\u00f3n econ\u00f3mica y crisis social,\u00a0se revel\u00f3 que el\u00a062,9% de los ni\u00f1os y adolescentes argentinos son pobres,\u00a0lo que quiere decir que no llegan a completar sus necesidades b\u00e1sicas en cuanto a calidad de vida. As\u00ed lo determin\u00f3 un relevamiento de la\u00a0Universidad Cat\u00f3lica Argentina\u00a0(UCA), que analiz\u00f3 datos de todo el a\u00f1o 2023.<\/p>\n\n\n\n<p>Seg\u00fan el informe\u00a0el 16,2% de los ni\u00f1os y adolescentes en el pa\u00eds, se encuentra en la indigencia, es decir que no alcanzan a cubrir sus necesidades b\u00e1sicas alimenticias. \u00a0Estas son las cifras m\u00e1s altas registradas desde el a\u00f1o 2010, en las comparaciones estad\u00edsticas de la unidad acad\u00e9mica.<\/p>\n\n\n\n<p>\u201cTomando en consideraci\u00f3n los datos publicados en el \u00faltimo censo oficial (2022), se deduce que hay\u00a07.685.436\u00a0ni\u00f1os y adolescentes (de 0 a 17 a\u00f1os) en situaci\u00f3n de pobreza y entre ellos, hay\u00a01.979.397 que son indigentes\u201d, sostiene el documento difundido por la instituci\u00f3n privada.<\/p>\n\n\n\n<p>El informe incluye un \u00edndice de \u201cpobreza multidimensional\u201d, en el que \u201cse seleccionan seis dimensiones de derechos:\u00a0alimentaci\u00f3n, saneamiento, vivienda, salud, informaci\u00f3n y estimulaci\u00f3n\/educaci\u00f3n\u201d. A partir de estas variables se determin\u00f3 que\u00a0el 56,3% de los chicos y adolescentes fue pobre multidimensional\u00a0durante el a\u00f1o pasado.<\/p>\n\n\n\n<p>Asimismo, el 16,1% sufre pobreza multidimensional de manera severa, mientras que el 16,2 padece indigencia monetaria infantil, cifras que eran mayores en 2010. Desde el Bar\u00f3metro de la Deuda Social de la Infancia de la UCA alertaron: \u201cEn este sentido, estamos en presencia de mejoras, particularmente en la pobreza multidimensional medida de acuerdo con el umbral severo. Esto es debido a\u00a0los avances en indicadores del h\u00e1bitat como el hacinamiento y la calidad de la vivienda y en materia de escolarizaci\u00f3n\u201d.<\/p>\n\n\n\n<p>En el relevamiento, la UCA alerta adem\u00e1s que\u00a0el 32,2% de los chicos y adolescentes en la Argentina Urbana actual sufren inseguridad alimentaria. Entre 2010 y 2017 la inseguridad alimentaria se mantuvo estable en cerca del 20%. Luego escal\u00f3 en 2018 y lleg\u00f3 a un tercio de la poblaci\u00f3n infantil. Quienes padecen inseguridad alimentaria en condiciones severas representaron el 13,9% en 2023, sostienen.<\/p>\n","protected":false},"excerpt":{"rendered":"<p>As\u00ed lo revel\u00f3 el \u00faltimo informe de la Universidad Cat\u00f3lica Argentina, que relev\u00f3 la situaci\u00f3n de los menores de 17 a\u00f1os durante el a\u00f1o pasado. Es la cifra de pobreza m\u00e1s alta desde el 2010. En medio de una fuerte\u00a0recesi\u00f3n econ\u00f3mica y crisis social,\u00a0se revel\u00f3 que el\u00a062,9% de los ni\u00f1os y adolescentes argentinos son pobres,\u00a0lo [&hellip;]<\/p>\n","protected":false},"author":2,"featured_media":9928,"comment_status":"open","ping_status":"open","sticky":false,"template":"","format":"standard","meta":{"footnotes":""},"categories":[22],"tags":[],"_links":{"self":[{"href":"https:\/\/enlamira.info\/index.php\/wp-json\/wp\/v2\/posts\/9926"}],"collection":[{"href":"https:\/\/enlamira.info\/index.php\/wp-json\/wp\/v2\/posts"}],"about":[{"href":"https:\/\/enlamira.info\/index.php\/wp-json\/wp\/v2\/types\/post"}],"author":[{"embeddable":true,"href":"https:\/\/enlamira.info\/index.php\/wp-json\/wp\/v2\/users\/2"}],"replies":[{"embeddable":true,"href":"https:\/\/enlamira.info\/index.php\/wp-json\/wp\/v2\/comments?post=9926"}],"version-history":[{"count":1,"href":"https:\/\/enlamira.info\/index.php\/wp-json\/wp\/v2\/posts\/9926\/revisions"}],"predecessor-version":[{"id":9927,"href":"https:\/\/enlamira.info\/index.php\/wp-json\/wp\/v2\/posts\/9926\/revisions\/9927"}],"wp:featuredmedia":[{"embeddable":true,"href":"https:\/\/enlamira.info\/index.php\/wp-json\/wp\/v2\/media\/9928"}],"wp:attachment":[{"href":"https:\/\/enlamira.info\/index.php\/wp-json\/wp\/v2\/media?parent=9926"}],"wp:term":[{"taxonomy":"category","embeddable":true,"href":"https:\/\/enlamira.info\/index.php\/wp-json\/wp\/v2\/categories?post=9926"},{"taxonomy":"post_tag","embeddable":true,"href":"https:\/\/enlamira.info\/index.php\/wp-json\/wp\/v2\/tags?post=9926"}],"curies":[{"name":"wp","href":"https:\/\/api.w.org\/{rel}","templated":true}]}}