{"id":9918,"date":"2024-08-15T19:02:40","date_gmt":"2024-08-15T22:02:40","guid":{"rendered":"https:\/\/enlamira.info\/?p=9918"},"modified":"2024-08-15T19:12:41","modified_gmt":"2024-08-15T22:12:41","slug":"en-favor-del-gobierno-la-justicia-rechazo-la-creacion-de-la-universidad-madres-de-plaza-de-mayo","status":"publish","type":"post","link":"https:\/\/enlamira.info\/index.php\/2024\/08\/15\/en-favor-del-gobierno-la-justicia-rechazo-la-creacion-de-la-universidad-madres-de-plaza-de-mayo\/","title":{"rendered":"En favor del Gobierno: la Justicia rechaz\u00f3 la creaci\u00f3n de la Universidad Madres de Plaza de Mayo"},"content":{"rendered":"\n<p>Seg\u00fan el fallo que reitera una determinaci\u00f3n del Ministerio de Capital Humano, la instituci\u00f3n no podr\u00e1 dictar clases, elegir autoridades, ni percibir aportes del estado o privados, hasta que no cumpla con los requisitos legales.<\/p>\n\n\n\n<p>En vuelta en una nueva pol\u00e9mica la\u00a0Universidad Madres de Plaza de Mayo, creada por\u00a0Hebe de Bonafini\u00a0durante el kirchnerismo, no podr\u00e1 funcionar como unidad acad\u00e9mica por orden de la Justicia y siguiendo la determinaci\u00f3n del Ministerio de Capital Humano, que conduce\u00a0Sandra Pettovello.<\/p>\n\n\n\n<p>Ya que el Juzgado federal Nro. 4,\u00a0rechaz\u00f3 una segunda medida cautelar presentada por ese centro de estudios, contra la decisi\u00f3n del gobierno de\u00a0Javier Milei\u00a0de \u201cestablecer el proceso de revisi\u00f3n de la creaci\u00f3n e inicio de actividades acad\u00e9micas de las nuevas cinco instituciones universitarias\u201d aprobada por el Parlamento el 27 de septiembre de 2023.<\/p>\n\n\n\n<p>Hasta ese momento, el centro funcionaba como Instituto Universitario Nacional de Derechos Humanos Madres de Plaza de Mayo, fundado por la fallecida Hebe de Bonafini con la colaboraci\u00f3n del parricida\u00a0Sergio Schoklender.\u00a0Pero sobre la instituci\u00f3n pesa una deuda millonaria y varias causas por desv\u00edos de fondos.<\/p>\n\n\n\n<p>En la resoluci\u00f3n, firmada por Pettovello y ratificada por la Justicia, se suspend\u00eda el inicio \u201cde las actividades acad\u00e9micas de las casas de altos estudios para\u00a0determinar si el procedimiento administrativo exigido por la Ley de Educaci\u00f3n Superior para crear nuevas universidades fue debidamente cumplido\u201d, y dejaba de girarles los fondos necesarios para su administraci\u00f3n.<\/p>\n\n\n\n<p>Seg\u00fan el nuevo fallo de la jueza federal en lo Contencioso Administrativo,\u00a0Rita Mar\u00eda Ailan, a favor del planteamiento de Capital Humano de dejar sin efecto la designaci\u00f3n como rectora de esa instituci\u00f3n de la abogada\u00a0Cristina Caama\u00f1o Iglesias Paiz; as\u00ed como su nombramiento \u201cno tendr\u00eda el car\u00e1cter de rectora\u201d porque las elecciones en asamblea fueron realizadas dos meses antes de que el Instituto Universitario Nacional de Derechos Humanos Madres de Plaza de Mayo fuese elevado a la categor\u00eda de Universidad Nacional.<\/p>\n\n\n\n<p>\u201cDurante la gesti\u00f3n anterior de Gobierno ya le hab\u00eda sido se\u00f1alado el 06\/12\/2023 a la actora -por Caama\u00f1o- que no pod\u00eda celebrar comicios, pues todav\u00eda no ten\u00eda Resoluci\u00f3n Ministerial de puesta en marcha de la universidad\u201d, destaca el informe del \u00e1rea de legales del Ministerio que conduce Pettovello.<\/p>\n","protected":false},"excerpt":{"rendered":"<p>Seg\u00fan el fallo que reitera una determinaci\u00f3n del Ministerio de Capital Humano, la instituci\u00f3n no podr\u00e1 dictar clases, elegir autoridades, ni percibir aportes del estado o privados, hasta que no cumpla con los requisitos legales. En vuelta en una nueva pol\u00e9mica la\u00a0Universidad Madres de Plaza de Mayo, creada por\u00a0Hebe de Bonafini\u00a0durante el kirchnerismo, no podr\u00e1 [&hellip;]<\/p>\n","protected":false},"author":2,"featured_media":9920,"comment_status":"open","ping_status":"open","sticky":false,"template":"","format":"standard","meta":{"footnotes":""},"categories":[20],"tags":[],"_links":{"self":[{"href":"https:\/\/enlamira.info\/index.php\/wp-json\/wp\/v2\/posts\/9918"}],"collection":[{"href":"https:\/\/enlamira.info\/index.php\/wp-json\/wp\/v2\/posts"}],"about":[{"href":"https:\/\/enlamira.info\/index.php\/wp-json\/wp\/v2\/types\/post"}],"author":[{"embeddable":true,"href":"https:\/\/enlamira.info\/index.php\/wp-json\/wp\/v2\/users\/2"}],"replies":[{"embeddable":true,"href":"https:\/\/enlamira.info\/index.php\/wp-json\/wp\/v2\/comments?post=9918"}],"version-history":[{"count":1,"href":"https:\/\/enlamira.info\/index.php\/wp-json\/wp\/v2\/posts\/9918\/revisions"}],"predecessor-version":[{"id":9919,"href":"https:\/\/enlamira.info\/index.php\/wp-json\/wp\/v2\/posts\/9918\/revisions\/9919"}],"wp:featuredmedia":[{"embeddable":true,"href":"https:\/\/enlamira.info\/index.php\/wp-json\/wp\/v2\/media\/9920"}],"wp:attachment":[{"href":"https:\/\/enlamira.info\/index.php\/wp-json\/wp\/v2\/media?parent=9918"}],"wp:term":[{"taxonomy":"category","embeddable":true,"href":"https:\/\/enlamira.info\/index.php\/wp-json\/wp\/v2\/categories?post=9918"},{"taxonomy":"post_tag","embeddable":true,"href":"https:\/\/enlamira.info\/index.php\/wp-json\/wp\/v2\/tags?post=9918"}],"curies":[{"name":"wp","href":"https:\/\/api.w.org\/{rel}","templated":true}]}}