{"id":9870,"date":"2024-08-14T19:44:32","date_gmt":"2024-08-14T22:44:32","guid":{"rendered":"https:\/\/enlamira.info\/?p=9870"},"modified":"2024-08-14T19:50:08","modified_gmt":"2024-08-14T22:50:08","slug":"milei-disolvio-la-unidad-de-la-conadi-dedicada-a-la-busqueda-de-bebes-robados-durante-la-dictadura","status":"publish","type":"post","link":"https:\/\/enlamira.info\/index.php\/2024\/08\/14\/milei-disolvio-la-unidad-de-la-conadi-dedicada-a-la-busqueda-de-bebes-robados-durante-la-dictadura\/","title":{"rendered":"Milei disolvi\u00f3 la unidad de la Conadi dedicada a la b\u00fasqueda de beb\u00e9s robados durante la dictadura"},"content":{"rendered":"\n<p>El Gobierno orden\u00f3 la eliminaci\u00f3n de la entidad encargada de investigar y localizar a los nietos apropiados durante la dictadura militar, desatando una ola de cr\u00edticas por parte de la oposici\u00f3n y defensores de derechos humanos.<\/p>\n\n\n\n<p>El Gobierno de\u00a0Javier\u00a0Milei\u00a0contin\u00faa con su pol\u00edtica de desmantelamiento de organismos estatales, y esta vez ha puesto su foco en la\u00a0Comisi\u00f3n Nacional por el Derecho a la\u00a0Identidad\u00a0(Conadi). A trav\u00e9s del decreto 727\/2024, se orden\u00f3 la eliminaci\u00f3n de la unidad especial encargada de investigar y localizar a los nietos apropiados durante la dictadura militar, un paso que ha generado una fuerte controversia.<\/p>\n\n\n\n<p>El decreto, firmado por el ministro de Justicia,\u00a0Mariano Cuneo Libarona, justifica la medida argumentando que la unidad de la Conadi \u201cviolenta el r\u00e9gimen constitucional\u201d al tener facultades de investigaci\u00f3n con \u201cacceso directo e irrestricto a informaci\u00f3n y documentaci\u00f3n en poder de organismos p\u00fablicos\u201d, facultades que, seg\u00fan el Gobierno, deber\u00edan estar reservadas exclusivamente al Poder Judicial y al Ministerio P\u00fablico Fiscal.<\/p>\n\n\n\n<p>El decreto, firmado por el titular de la cartera judicial justifica la medida argumentando que la unidad de la Conadi \u201cviolenta el r\u00e9gimen constitucional\u201d al tener facultades de investigaci\u00f3n con \u201cacceso directo e irrestricto a informaci\u00f3n y documentaci\u00f3n en poder de organismos p\u00fablicos\u201d, facultades que, seg\u00fan el Gobierno, deber\u00edan estar reservadas exclusivamente al Poder Judicial y al Ministerio P\u00fablico Fiscal.<\/p>\n\n\n\n<p>Este movimiento desmantela un decreto firmado en 2004 por el expresidente\u00a0N\u00e9stor Kirchner, que hab\u00eda establecido un compromiso nacional para promover investigaciones complejas relacionadas con la b\u00fasqueda de identidad de los ni\u00f1os secuestrados por la dictadura.<\/p>\n\n\n\n<p>La decisi\u00f3n no ha pasado desapercibida, y r\u00e1pidamente gener\u00f3 reacciones adversas en la oposici\u00f3n. La senadora\u00a0Juliana Di Tullio, del Frente para la Victoria, critic\u00f3 duramente la medida, se\u00f1alando que \u201cMilei elimina el organismo que busca a los beb\u00e9s robados y apropiados en la dictadura mientras sus diputados\/as visitan genocidas\u201d.<\/p>\n\n\n\n<p>La senadora K fue contundente al cuestionar la decisi\u00f3n del Gobierno, destacando la importancia de la unidad disuelta en la lucha por la recuperaci\u00f3n de la identidad de los desaparecidos.<\/p>\n\n\n\n<p>Por su parte,\u00a0Horacio Pietragalla, exsecretario de Derechos Humanos, tambi\u00e9n se manifest\u00f3 en contra de la eliminaci\u00f3n de la unidad especial. \u201cEl gobierno, que se desentiende de la visita de los diputados a los genocidas, embiste las acciones de b\u00fasqueda de los beb\u00e9s robados, hoy hombres y mujeres, por la dictadura militar\u201d, afirm\u00f3, subrayando la gravedad de la medida en un contexto donde la memoria y la justicia siguen siendo temas sensibles en Argentina.<\/p>\n\n\n\n<h3 class=\"wp-block-heading\">El decreto y sus implicancias legales<\/h3>\n\n\n\n<p>El Gobierno fundament\u00f3 la derogaci\u00f3n del decreto de 2004 en la necesidad de respetar el sistema de divisi\u00f3n de poderes y la organizaci\u00f3n de las autoridades establecidas por la Constituci\u00f3n Nacional. Seg\u00fan el nuevo decreto, la investigaci\u00f3n y promoci\u00f3n de acciones judiciales deben ser exclusivas del Ministerio P\u00fablico Fiscal, subrayando que un organismo dependiente del Poder Ejecutivo no puede desempe\u00f1ar funciones que corresponden a otros \u00f3rganos estatales, como el Poder Judicial.<\/p>\n\n\n\n<p>Adem\u00e1s, el decreto destaca el derecho a la intimidad de las v\u00edctimas, mencionando los art\u00edculos 19 y 43 de la Constituci\u00f3n Nacional como base para su argumentaci\u00f3n, lo que refuerza la postura del Gobierno de que las funciones de la Conadi deber\u00edan estar limitadas a su rol asesor, sin incursionar en tareas de investigaci\u00f3n judicial.<\/p>\n","protected":false},"excerpt":{"rendered":"<p>El Gobierno orden\u00f3 la eliminaci\u00f3n de la entidad encargada de investigar y localizar a los nietos apropiados durante la dictadura militar, desatando una ola de cr\u00edticas por parte de la oposici\u00f3n y defensores de derechos humanos. El Gobierno de\u00a0Javier\u00a0Milei\u00a0contin\u00faa con su pol\u00edtica de desmantelamiento de organismos estatales, y esta vez ha puesto su foco en [&hellip;]<\/p>\n","protected":false},"author":2,"featured_media":9872,"comment_status":"open","ping_status":"open","sticky":false,"template":"","format":"standard","meta":{"footnotes":""},"categories":[20],"tags":[],"_links":{"self":[{"href":"https:\/\/enlamira.info\/index.php\/wp-json\/wp\/v2\/posts\/9870"}],"collection":[{"href":"https:\/\/enlamira.info\/index.php\/wp-json\/wp\/v2\/posts"}],"about":[{"href":"https:\/\/enlamira.info\/index.php\/wp-json\/wp\/v2\/types\/post"}],"author":[{"embeddable":true,"href":"https:\/\/enlamira.info\/index.php\/wp-json\/wp\/v2\/users\/2"}],"replies":[{"embeddable":true,"href":"https:\/\/enlamira.info\/index.php\/wp-json\/wp\/v2\/comments?post=9870"}],"version-history":[{"count":1,"href":"https:\/\/enlamira.info\/index.php\/wp-json\/wp\/v2\/posts\/9870\/revisions"}],"predecessor-version":[{"id":9871,"href":"https:\/\/enlamira.info\/index.php\/wp-json\/wp\/v2\/posts\/9870\/revisions\/9871"}],"wp:featuredmedia":[{"embeddable":true,"href":"https:\/\/enlamira.info\/index.php\/wp-json\/wp\/v2\/media\/9872"}],"wp:attachment":[{"href":"https:\/\/enlamira.info\/index.php\/wp-json\/wp\/v2\/media?parent=9870"}],"wp:term":[{"taxonomy":"category","embeddable":true,"href":"https:\/\/enlamira.info\/index.php\/wp-json\/wp\/v2\/categories?post=9870"},{"taxonomy":"post_tag","embeddable":true,"href":"https:\/\/enlamira.info\/index.php\/wp-json\/wp\/v2\/tags?post=9870"}],"curies":[{"name":"wp","href":"https:\/\/api.w.org\/{rel}","templated":true}]}}