{"id":9867,"date":"2024-08-14T19:43:29","date_gmt":"2024-08-14T22:43:29","guid":{"rendered":"https:\/\/enlamira.info\/?p=9867"},"modified":"2024-08-14T19:50:52","modified_gmt":"2024-08-14T22:50:52","slug":"milei-aseguro-ante-empresarios-que-no-esta-dispuesto-a-devaluar-para-arruinar-a-los-argentinos","status":"publish","type":"post","link":"https:\/\/enlamira.info\/index.php\/2024\/08\/14\/milei-aseguro-ante-empresarios-que-no-esta-dispuesto-a-devaluar-para-arruinar-a-los-argentinos\/","title":{"rendered":"Milei asegur\u00f3 ante empresarios que no est\u00e1 dispuesto a \u201cdevaluar para arruinar a los argentinos\u201d"},"content":{"rendered":"\n<p>El Presidente se present\u00f3 en el cierre del Consejo de las Am\u00e9ricas, en donde alab\u00f3 a su equipo econ\u00f3mico y celebr\u00f3 llegar al dif\u00edcil cero en los primeros meses de gobierno.<\/p>\n\n\n\n<p>El presidente\u00a0Javier Milei, particip\u00f3 del cierre del\u00a0Consejo de las Am\u00e9ricas, un encuentro con empresarios de toda la regi\u00f3n en donde destac\u00f3 que su gesti\u00f3n es la primera en la historia de Argentina en tener un \u201cresultado financiero positivo sin estar en default\u201d.<\/p>\n\n\n\n<p>\u201cNo estamos dispuestos a devaluar para arruinar a los argentinos\u201d, agreg\u00f3 en su alocuci\u00f3n el jefe de Estado, que mostr\u00f3 un fuerte respaldo a su ministro de Econom\u00eda,\u00a0Luis Caputo\u00a0y a todo\u00a0el equipo\u00a0del Palacio de Hacienda.<\/p>\n\n\n\n<p>A lo que sum\u00f3: \u201cNos enfrentamos a la peor de las crisis heredadas.\u00a0Recibimos un pa\u00eds al borde del default e hiperinflaci\u00f3n.\u00a0El Gobierno que se fue esperaba que resolvi\u00e9ramos como \u2018liberales libertarados\u2019, para poder volver en enero, con el ajuste hecho por el mercado\u201d.<\/p>\n\n\n\n<p>\u201cTodo estaba premeditado para que vol\u00e1ramos por los aires en menos de un mes y est\u00e1bamos en condiciones de ir a la peor crisis de nuestra historia.\u00a0Iniciamos la reconstrucci\u00f3n del pa\u00eds, logramos el ajuste fiscal m\u00e1s grande de la historia de la humanidad\u201d, remarc\u00f3 el mandatario ente los CEOs m\u00e1s influyentes de la regi\u00f3n.<\/p>\n\n\n\n<p>En esa l\u00ednea, Milei destac\u00f3 las adversidades que su gesti\u00f3n debi\u00f3 afrontar, \u201cnos dec\u00edan que hacer un ajuste de un punto por a\u00f1o era una enormidad\u201d dijo. A lo que agreg\u00f3: \u201cLogramos el super\u00e1vit financiero, el d\u00e9ficit cero en el primer mes de gesti\u00f3n.\u00a0En seis meses logramos terminar con el d\u00e9ficit cuasifical\u201d.<\/p>\n\n\n\n<p>\u201cTerminamos con el financiamiento del Tesoro v\u00eda emisi\u00f3n monetaria, se estabiliz\u00f3 la situaci\u00f3n del tipo de cambio. Para terminar con el flagelo de la inflaci\u00f3n hay que terminar con la emisi\u00f3n.\u00a0El tipo de cambio es un precio m\u00e1s de la econom\u00eda\u201d, explic\u00f3 el libertario.<\/p>\n\n\n\n<p>Fiel a su estilo, el l\u00edder de\u00a0La Libertad Avanza,\u00a0arremeti\u00f3 contra sus oponentes: \u201cNo s\u00e9 si a los economistas, despu\u00e9s de tantos a\u00f1os de econom\u00eda dirigista, se les empast\u00f3 el cerebro o son burros. No estamos dispuestos a devaluar para arruinar a los argentinos, vamos a trabajar en cambiar los niveles de productividad\u201d.<\/p>\n\n\n\n<p>\u201cAlg\u00fan imb\u00e9cil dijo que me rodeo de mediocres para lucirme yo, que sigan prediciendo que iba a ganar Sergio Massa\u201d, dijo en defensa de su equipo econ\u00f3mico. \u201cNuestra metodolog\u00eda para el Presupuesto 2025 se va a llamar d\u00e9ficit cero, la Argentina deja de tomar nueva deuda, no vamos a tener d\u00e9ficit fiscal,. Hacemos del equilibrio fiscal un mandamiento\u201d, concluy\u00f3 Milei.<\/p>\n","protected":false},"excerpt":{"rendered":"<p>El Presidente se present\u00f3 en el cierre del Consejo de las Am\u00e9ricas, en donde alab\u00f3 a su equipo econ\u00f3mico y celebr\u00f3 llegar al dif\u00edcil cero en los primeros meses de gobierno. El presidente\u00a0Javier Milei, particip\u00f3 del cierre del\u00a0Consejo de las Am\u00e9ricas, un encuentro con empresarios de toda la regi\u00f3n en donde destac\u00f3 que su gesti\u00f3n [&hellip;]<\/p>\n","protected":false},"author":2,"featured_media":9869,"comment_status":"open","ping_status":"open","sticky":false,"template":"","format":"standard","meta":{"footnotes":""},"categories":[20],"tags":[],"_links":{"self":[{"href":"https:\/\/enlamira.info\/index.php\/wp-json\/wp\/v2\/posts\/9867"}],"collection":[{"href":"https:\/\/enlamira.info\/index.php\/wp-json\/wp\/v2\/posts"}],"about":[{"href":"https:\/\/enlamira.info\/index.php\/wp-json\/wp\/v2\/types\/post"}],"author":[{"embeddable":true,"href":"https:\/\/enlamira.info\/index.php\/wp-json\/wp\/v2\/users\/2"}],"replies":[{"embeddable":true,"href":"https:\/\/enlamira.info\/index.php\/wp-json\/wp\/v2\/comments?post=9867"}],"version-history":[{"count":1,"href":"https:\/\/enlamira.info\/index.php\/wp-json\/wp\/v2\/posts\/9867\/revisions"}],"predecessor-version":[{"id":9868,"href":"https:\/\/enlamira.info\/index.php\/wp-json\/wp\/v2\/posts\/9867\/revisions\/9868"}],"wp:featuredmedia":[{"embeddable":true,"href":"https:\/\/enlamira.info\/index.php\/wp-json\/wp\/v2\/media\/9869"}],"wp:attachment":[{"href":"https:\/\/enlamira.info\/index.php\/wp-json\/wp\/v2\/media?parent=9867"}],"wp:term":[{"taxonomy":"category","embeddable":true,"href":"https:\/\/enlamira.info\/index.php\/wp-json\/wp\/v2\/categories?post=9867"},{"taxonomy":"post_tag","embeddable":true,"href":"https:\/\/enlamira.info\/index.php\/wp-json\/wp\/v2\/tags?post=9867"}],"curies":[{"name":"wp","href":"https:\/\/api.w.org\/{rel}","templated":true}]}}