{"id":9863,"date":"2024-08-14T19:42:27","date_gmt":"2024-08-14T22:42:27","guid":{"rendered":"https:\/\/enlamira.info\/?p=9863"},"modified":"2024-08-14T19:51:46","modified_gmt":"2024-08-14T22:51:46","slug":"manuel-adorni-aclaro-su-olvido-de-maradona-en-el-dia-del-zurdo-jamas-lo-ningunearia-desde-lo-deportivo","status":"publish","type":"post","link":"https:\/\/enlamira.info\/index.php\/2024\/08\/14\/manuel-adorni-aclaro-su-olvido-de-maradona-en-el-dia-del-zurdo-jamas-lo-ningunearia-desde-lo-deportivo\/","title":{"rendered":"Manuel Adorni aclar\u00f3 su olvido de Maradona en el D\u00eda del Zurdo: \u201cJam\u00e1s lo ningunear\u00eda desde lo deportivo\u201d"},"content":{"rendered":"\n<p>El vocero presidencial respondi\u00f3 a las cr\u00edticas tras omitir mencionar al astro argentino durante una conferencia de prensa, afirmando que nunca minimizar\u00eda su legado futbol\u00edstico.<\/p>\n\n\n\n<p>El vocero presidencial,\u00a0Manuel\u00a0Adorni, se vio envuelto en una pol\u00e9mica luego de que, en la conferencia de prensa del pasado martes, olvidara mencionar a\u00a0Diego\u00a0Maradona\u00a0en el marco del\u00a0D\u00eda Internacional del Zurdo.<\/p>\n\n\n\n<p>Este \u201colvido\u201d gener\u00f3 una ola de cr\u00edticas, tanto en medios como en redes sociales, al punto que\u00a0Dalma\u00a0Maradona, hija del legendario futbolista, lo calific\u00f3 de manera despectiva.<\/p>\n\n\n\n<p>En respuesta, el funcionario sali\u00f3 al cruce de las acusaciones, aclarando que su intenci\u00f3n nunca fue menospreciar la figura de la leyenda mundial.<\/p>\n\n\n\n<p>\u201cJam\u00e1s ningunear\u00eda a Maradona en t\u00e9rminos deportivos\u201d, afirm\u00f3 el funcionario, quien subray\u00f3 que reconocer el legado del astro del f\u00fatbol es algo innegable para cualquier argentino. \u201cNegar lo que Maradona aport\u00f3 en t\u00e9rminos deportivos es no haber vivido un solo d\u00eda en la Argentina\u201d, insisti\u00f3.<\/p>\n\n\n\n<p>Durante la conferencia de prensa,\u00a0Adorni\u00a0hab\u00eda hecho referencia a varias figuras destacadas del deporte y la m\u00fasica, como Lionel Messi, \u00c1ngel Di Mar\u00eda, Emanuel Gin\u00f3bili, Sergio Maravilla Mart\u00ednez, y los m\u00fasicos Gustavo Cerati y Charly Garc\u00eda. Sin embargo, la omisi\u00f3n de Maradona fue r\u00e1pidamente se\u00f1alada por los periodistas presentes, lo que provoc\u00f3 que el vocero intentara salir del paso con un comentario que fue interpretado como desinter\u00e9s. \u201cAh\u2026 S\u00ed, era zurdo. Bueno, hasta aqu\u00ed lo m\u00edo, se\u00f1ores\u201d, dijo, lo que encendi\u00f3 a\u00fan m\u00e1s la controversia.<\/p>\n\n\n\n<p>Ante las repercusiones, el portavoz de\u00a0Milei\u00a0explic\u00f3 que su comentario fue sacado de contexto y que, en realidad, formaba parte de un intercambio ir\u00f3nico con una periodista en la sala de prensa. \u201cEra una chicana entre nosotros, no fue una desestimaci\u00f3n de Maradona\u201d, explic\u00f3 en una entrevista radial, donde tambi\u00e9n lament\u00f3 que su omisi\u00f3n haya causado malestar<\/p>\n\n\n\n<figure class=\"wp-block-embed is-type-video is-provider-youtube wp-block-embed-youtube wp-embed-aspect-16-9 wp-has-aspect-ratio\"><div class=\"wp-block-embed__wrapper\">\n<iframe loading=\"lazy\" title=\"DALMA MARADONA LE RESPONDI\u00d3 A MANUEL ADORNI #bondi #dalmamaradona #manueladorni #angeldebrito #short\" width=\"640\" height=\"360\" src=\"https:\/\/www.youtube.com\/embed\/WXSI599UbJw?feature=oembed\" frameborder=\"0\" allow=\"accelerometer; autoplay; clipboard-write; encrypted-media; gyroscope; picture-in-picture; web-share\" referrerpolicy=\"strict-origin-when-cross-origin\" allowfullscreen><\/iframe>\n<\/div><\/figure>\n\n\n\n<p>La controversia escal\u00f3 cuando\u00a0Dalma Maradona, durante su participaci\u00f3n en el programa de \u00c1ngel de Brito, respondi\u00f3 con dureza a las declaraciones de\u00a0Adorni. \u201cNo exist\u00eds Muppet, mi pap\u00e1 s\u00ed\u201d, sentenci\u00f3, en alusi\u00f3n al vocero presidencial.<\/p>\n\n\n\n<p>Pese a las cr\u00edticas,\u00a0Adorni\u00a0reafirm\u00f3 su respeto por Maradona y lament\u00f3 que sus palabras hayan sido malinterpretadas. \u201cMaradona fue uno de los mejores jugadores del mundo. Estamos discutiendo una nada, porque es una obviedad\u201d, concluy\u00f3, buscando dar por cerrado el asunto.<\/p>\n","protected":false},"excerpt":{"rendered":"<p>El vocero presidencial respondi\u00f3 a las cr\u00edticas tras omitir mencionar al astro argentino durante una conferencia de prensa, afirmando que nunca minimizar\u00eda su legado futbol\u00edstico. El vocero presidencial,\u00a0Manuel\u00a0Adorni, se vio envuelto en una pol\u00e9mica luego de que, en la conferencia de prensa del pasado martes, olvidara mencionar a\u00a0Diego\u00a0Maradona\u00a0en el marco del\u00a0D\u00eda Internacional del Zurdo. Este [&hellip;]<\/p>\n","protected":false},"author":2,"featured_media":9866,"comment_status":"open","ping_status":"open","sticky":false,"template":"","format":"standard","meta":{"footnotes":""},"categories":[20],"tags":[],"_links":{"self":[{"href":"https:\/\/enlamira.info\/index.php\/wp-json\/wp\/v2\/posts\/9863"}],"collection":[{"href":"https:\/\/enlamira.info\/index.php\/wp-json\/wp\/v2\/posts"}],"about":[{"href":"https:\/\/enlamira.info\/index.php\/wp-json\/wp\/v2\/types\/post"}],"author":[{"embeddable":true,"href":"https:\/\/enlamira.info\/index.php\/wp-json\/wp\/v2\/users\/2"}],"replies":[{"embeddable":true,"href":"https:\/\/enlamira.info\/index.php\/wp-json\/wp\/v2\/comments?post=9863"}],"version-history":[{"count":1,"href":"https:\/\/enlamira.info\/index.php\/wp-json\/wp\/v2\/posts\/9863\/revisions"}],"predecessor-version":[{"id":9864,"href":"https:\/\/enlamira.info\/index.php\/wp-json\/wp\/v2\/posts\/9863\/revisions\/9864"}],"wp:featuredmedia":[{"embeddable":true,"href":"https:\/\/enlamira.info\/index.php\/wp-json\/wp\/v2\/media\/9866"}],"wp:attachment":[{"href":"https:\/\/enlamira.info\/index.php\/wp-json\/wp\/v2\/media?parent=9863"}],"wp:term":[{"taxonomy":"category","embeddable":true,"href":"https:\/\/enlamira.info\/index.php\/wp-json\/wp\/v2\/categories?post=9863"},{"taxonomy":"post_tag","embeddable":true,"href":"https:\/\/enlamira.info\/index.php\/wp-json\/wp\/v2\/tags?post=9863"}],"curies":[{"name":"wp","href":"https:\/\/api.w.org\/{rel}","templated":true}]}}