{"id":9850,"date":"2024-08-14T19:38:29","date_gmt":"2024-08-14T22:38:29","guid":{"rendered":"https:\/\/enlamira.info\/?p=9850"},"modified":"2024-08-14T19:55:26","modified_gmt":"2024-08-14T22:55:26","slug":"cecilia-moreau-acuso-de-machirulo-a-martin-menem-y-reavivo-la-denuncia-contra-alberto-fernandez-en-diputados","status":"publish","type":"post","link":"https:\/\/enlamira.info\/index.php\/2024\/08\/14\/cecilia-moreau-acuso-de-machirulo-a-martin-menem-y-reavivo-la-denuncia-contra-alberto-fernandez-en-diputados\/","title":{"rendered":"Cecilia Moreau acus\u00f3 de \u201cmachirulo\u201d a Mart\u00edn Menem y reaviv\u00f3 la denuncia contra Alberto Fern\u00e1ndez en Diputados"},"content":{"rendered":"\n<p>La diputada massista acus\u00f3 al presidente de la C\u00e1mara de tener actitudes machistas en el Congreso, provocando una reacci\u00f3n del bloque libertario que record\u00f3 la denuncia de Fabiola Y\u00e1\u00f1ez contra el expresidente por violencia de g\u00e9nero.<\/p>\n\n\n\n<p>Durante la sesi\u00f3n en la C\u00e1mara de Diputados destinada a debatir la\u00a0declaraci\u00f3n\u00a0de la Educaci\u00f3n como Servicio Esencial, se produjo un tenso cruce entre la legisladora de\u00a0Uni\u00f3n\u00a0por la Patria,\u00a0Cecilia Moreau, y el presidente de la C\u00e1mara,\u00a0Mart\u00edn Menem.<\/p>\n\n\n\n<p>La confrontaci\u00f3n deriv\u00f3 en la menci\u00f3n de la denuncia por violencia de g\u00e9nero que Fabiola Y\u00e1\u00f1ez present\u00f3 contra el expresidente Alberto Fern\u00e1ndez.<\/p>\n\n\n\n<p>El altercado comenz\u00f3 cuando\u00a0Moreau\u00a0solicit\u00f3 la palabra para manifestar su descontento con la forma en que Menem conduce las sesiones. \u201cLe hago una cuesti\u00f3n personal, presidente, porque cada vez que levanto la mano, usted no me mira. Esto no solo me ocurre a m\u00ed, sino a otras diputadas tambi\u00e9n\u201d, expres\u00f3 con visible molestia. \u201cMe parece bastante machirulo no prestarnos atenci\u00f3n, sobre todo en estos tiempos tan complicados\u201d, agreg\u00f3 la diputada, dirigiendo una cr\u00edtica directa al titular de la C\u00e1mara.<\/p>\n\n\n\n<p>Las palabras de\u00a0Moreau\u00a0no pasaron desapercibidas y generaron una r\u00e1pida respuesta del bloque de La Libertad Avanza. Algunos de sus miembros comenzaron a gritar: \u201cMachirulo es pegarle a su esposa\u201d, en clara alusi\u00f3n a la denuncia de\u00a0Y\u00e1\u00f1ez\u00a0contra Fern\u00e1ndez por violencia de g\u00e9nero.<\/p>\n\n\n\n<p>El cruce subi\u00f3 de tono cuando\u00a0Menem\u00a0intent\u00f3 calmar la situaci\u00f3n y defendi\u00f3 su accionar en la C\u00e1mara. \u201cCon todo respeto, diputada, hago lo mejor que puedo y tengo el mismo respeto por los 265 diputados que integran este cuerpo\u201d, contest\u00f3 Menem, argumentando que es imposible prestar atenci\u00f3n a todos los legisladores al mismo tiempo. Sin embargo, Moreau insisti\u00f3 en su reclamo, obligando a Menem a pedir silencio para continuar con la sesi\u00f3n.<\/p>\n\n\n\n<p>Adem\u00e1s de su acusaci\u00f3n de \u201cmachirulo\u201d,\u00a0Moreau\u00a0aprovech\u00f3 el momento para expresar su postura respecto a la denuncia de la entonces primera dama. \u201cEs fundamental visibilizar estos casos, que trascienden partidos pol\u00edticos y clases sociales\u201d, subray\u00f3\u00a0Moreau.<\/p>\n","protected":false},"excerpt":{"rendered":"<p>La diputada massista acus\u00f3 al presidente de la C\u00e1mara de tener actitudes machistas en el Congreso, provocando una reacci\u00f3n del bloque libertario que record\u00f3 la denuncia de Fabiola Y\u00e1\u00f1ez contra el expresidente por violencia de g\u00e9nero. Durante la sesi\u00f3n en la C\u00e1mara de Diputados destinada a debatir la\u00a0declaraci\u00f3n\u00a0de la Educaci\u00f3n como Servicio Esencial, se produjo [&hellip;]<\/p>\n","protected":false},"author":2,"featured_media":9852,"comment_status":"open","ping_status":"open","sticky":false,"template":"","format":"standard","meta":{"footnotes":""},"categories":[20],"tags":[],"_links":{"self":[{"href":"https:\/\/enlamira.info\/index.php\/wp-json\/wp\/v2\/posts\/9850"}],"collection":[{"href":"https:\/\/enlamira.info\/index.php\/wp-json\/wp\/v2\/posts"}],"about":[{"href":"https:\/\/enlamira.info\/index.php\/wp-json\/wp\/v2\/types\/post"}],"author":[{"embeddable":true,"href":"https:\/\/enlamira.info\/index.php\/wp-json\/wp\/v2\/users\/2"}],"replies":[{"embeddable":true,"href":"https:\/\/enlamira.info\/index.php\/wp-json\/wp\/v2\/comments?post=9850"}],"version-history":[{"count":1,"href":"https:\/\/enlamira.info\/index.php\/wp-json\/wp\/v2\/posts\/9850\/revisions"}],"predecessor-version":[{"id":9851,"href":"https:\/\/enlamira.info\/index.php\/wp-json\/wp\/v2\/posts\/9850\/revisions\/9851"}],"wp:featuredmedia":[{"embeddable":true,"href":"https:\/\/enlamira.info\/index.php\/wp-json\/wp\/v2\/media\/9852"}],"wp:attachment":[{"href":"https:\/\/enlamira.info\/index.php\/wp-json\/wp\/v2\/media?parent=9850"}],"wp:term":[{"taxonomy":"category","embeddable":true,"href":"https:\/\/enlamira.info\/index.php\/wp-json\/wp\/v2\/categories?post=9850"},{"taxonomy":"post_tag","embeddable":true,"href":"https:\/\/enlamira.info\/index.php\/wp-json\/wp\/v2\/tags?post=9850"}],"curies":[{"name":"wp","href":"https:\/\/api.w.org\/{rel}","templated":true}]}}