{"id":9820,"date":"2024-08-13T19:25:59","date_gmt":"2024-08-13T22:25:59","guid":{"rendered":"https:\/\/enlamira.info\/?p=9820"},"modified":"2024-08-13T19:27:13","modified_gmt":"2024-08-13T22:27:13","slug":"javier-milei-hablo-de-sus-perros-el-incesto-y-cruzo-duro-a-julia-mengolini-la-mentirosa","status":"publish","type":"post","link":"https:\/\/enlamira.info\/index.php\/2024\/08\/13\/javier-milei-hablo-de-sus-perros-el-incesto-y-cruzo-duro-a-julia-mengolini-la-mentirosa\/","title":{"rendered":"Javier Milei habl\u00f3 de sus perros, el incesto y cruz\u00f3 duro a Julia Mengolini: \u201cLa mentirosa\u201d"},"content":{"rendered":"\n<p>El presidente apunt\u00f3 contra Mengolini luego de que la periodista relativizara la denuncia de Fabiola Ya\u00f1ez contra Alberto Fern\u00e1ndez.<\/p>\n\n\n\n<p>La periodista\u00a0Julia Mengolini\u00a0se\u00f1al\u00f3 en su programa de radio que\u00a0Fabiola Ya\u00f1ez\u00a0\u201cva a tener que probar lo que est\u00e1 diciendo\u201d y que cree su palabra \u201cvale poco\u201d.<\/p>\n\n\n\n<p>\u201cViviendo en una Rep\u00fablica, se presume la inocencia\u201d, indic\u00f3 sobre el expresidente, Alberto Fern\u00e1ndez.<\/p>\n\n\n\n<p>Tras sus palabras,\u00a0Javier Milei respondi\u00f3 en duro t\u00e9rminos\u00a0y sentenci\u00f3 en un posteo en su cuenta de X: \u201cPoes\u00eda Pura\u201d.<\/p>\n\n\n\n<p>\u201cLa declaraci\u00f3n de la mentiroso Julia Mengolini (quien dijo que duermo con mis ocho perros y tengo sexo con mi hermana) te deja bien en claro que la agenda de g\u00e9nero del kirchnerismo no difiere de la base zurda que es la de usarla para perseguir opositores\u201d, se\u00f1al\u00f3 el Presidente.<\/p>\n\n\n\n<p>Y agreg\u00f3: \u201cCada d\u00eda estoy m\u00e1s\u00a0orgulloso de ser quien cerr\u00f3 los antros\u00a0de persecuci\u00f3n ideol\u00f3gica que eran el\u00a0Ministerio de la Mujer (c\u00f3mplice por encubrimiento) y el INADI\u201c.<\/p>\n\n\n\n<p>Fue entonces que sum\u00f3 dos cuestiones a modo de posdata: \u201cPD: Mis perros son mastines ingleses que en dos patas miden entre 1,8m y 2m y pesan entre 80 y 100 kilos. No hay modo que entren dos en una cama si estoy en la misma\u201d.<\/p>\n\n\n\n<p>\u201cPD2: Ser\u00eda bueno saber la opini\u00f3n de los periodistas y en especial de los persecutores de FOPEA sobre la gran mentira del incesto\u201d, indic\u00f3.<\/p>\n\n\n\n<figure class=\"wp-block-embed is-type-rich is-provider-twitter wp-block-embed-twitter\"><div class=\"wp-block-embed__wrapper\">\n<blockquote class=\"twitter-tweet\" data-width=\"550\" data-dnt=\"true\"><p lang=\"es\" dir=\"ltr\">\u201cJulia Mengolini\u201d<br><br>Porque puso en duda la denuncia de Fabiola Y\u00e1\u00f1ez: \u201cCuando dec\u00edamos \u201cte creo, hermana\u2019 no es tan literal; que lo demuestre\u2026\u201d. <a href=\"https:\/\/t.co\/eV9vlVBphL\">pic.twitter.com\/eV9vlVBphL<\/a><\/p>&mdash; Tendencias en Argentina (@porqueTTarg) <a href=\"https:\/\/twitter.com\/porqueTTarg\/status\/1823082399636271415?ref_src=twsrc%5Etfw\">August 12, 2024<\/a><\/blockquote><script async src=\"https:\/\/platform.twitter.com\/widgets.js\" charset=\"utf-8\"><\/script>\n<\/div><\/figure>\n","protected":false},"excerpt":{"rendered":"<p>El presidente apunt\u00f3 contra Mengolini luego de que la periodista relativizara la denuncia de Fabiola Ya\u00f1ez contra Alberto Fern\u00e1ndez. La periodista\u00a0Julia Mengolini\u00a0se\u00f1al\u00f3 en su programa de radio que\u00a0Fabiola Ya\u00f1ez\u00a0\u201cva a tener que probar lo que est\u00e1 diciendo\u201d y que cree su palabra \u201cvale poco\u201d. \u201cViviendo en una Rep\u00fablica, se presume la inocencia\u201d, indic\u00f3 sobre el [&hellip;]<\/p>\n","protected":false},"author":2,"featured_media":9822,"comment_status":"open","ping_status":"open","sticky":false,"template":"","format":"standard","meta":{"footnotes":""},"categories":[20],"tags":[],"_links":{"self":[{"href":"https:\/\/enlamira.info\/index.php\/wp-json\/wp\/v2\/posts\/9820"}],"collection":[{"href":"https:\/\/enlamira.info\/index.php\/wp-json\/wp\/v2\/posts"}],"about":[{"href":"https:\/\/enlamira.info\/index.php\/wp-json\/wp\/v2\/types\/post"}],"author":[{"embeddable":true,"href":"https:\/\/enlamira.info\/index.php\/wp-json\/wp\/v2\/users\/2"}],"replies":[{"embeddable":true,"href":"https:\/\/enlamira.info\/index.php\/wp-json\/wp\/v2\/comments?post=9820"}],"version-history":[{"count":1,"href":"https:\/\/enlamira.info\/index.php\/wp-json\/wp\/v2\/posts\/9820\/revisions"}],"predecessor-version":[{"id":9821,"href":"https:\/\/enlamira.info\/index.php\/wp-json\/wp\/v2\/posts\/9820\/revisions\/9821"}],"wp:featuredmedia":[{"embeddable":true,"href":"https:\/\/enlamira.info\/index.php\/wp-json\/wp\/v2\/media\/9822"}],"wp:attachment":[{"href":"https:\/\/enlamira.info\/index.php\/wp-json\/wp\/v2\/media?parent=9820"}],"wp:term":[{"taxonomy":"category","embeddable":true,"href":"https:\/\/enlamira.info\/index.php\/wp-json\/wp\/v2\/categories?post=9820"},{"taxonomy":"post_tag","embeddable":true,"href":"https:\/\/enlamira.info\/index.php\/wp-json\/wp\/v2\/tags?post=9820"}],"curies":[{"name":"wp","href":"https:\/\/api.w.org\/{rel}","templated":true}]}}