{"id":9813,"date":"2024-08-13T19:23:13","date_gmt":"2024-08-13T22:23:13","guid":{"rendered":"https:\/\/enlamira.info\/?p=9813"},"modified":"2024-08-13T19:29:00","modified_gmt":"2024-08-13T22:29:00","slug":"luciana-rubinska-tuve-una-relacion-profesional-con-alberto-fernandez","status":"publish","type":"post","link":"https:\/\/enlamira.info\/index.php\/2024\/08\/13\/luciana-rubinska-tuve-una-relacion-profesional-con-alberto-fernandez\/","title":{"rendered":"Luciana Rubinska: \u201cTuve una relaci\u00f3n profesional con Alberto Fern\u00e1ndez\u201d"},"content":{"rendered":"\n<p>Tras los rumores que la vincularon con el expresidente, la periodista se defendi\u00f3 y apunt\u00f3: \u201cEl tema de las redes sociales es un foco de basura, es una cloaca\u201d.<\/p>\n\n\n\n<p>Luego de que empezaran a\u00a0circular versiones sobre una supuesta relaci\u00f3n estrecha con el expresidente,\u00a0Alberto Fern\u00e1ndez, la periodista\u00a0Luciana Rubinska se defendi\u00f3.<\/p>\n\n\n\n<p>\u201cTu nombre estuvo todo el fin de semana en redes sociales diciendo que en alg\u00fan momento,\u00a0vos y Alberto habr\u00edan tenido alg\u00fan tipo de relaci\u00f3n\u201c, indic\u00f3 P\u00eda Shaw en el programa A la barabarossa.<\/p>\n\n\n\n<p>\u201cPrimero, el tema de las redes sociales es un foco de basura, es una cloaca. Lo que m\u00e1s me llam\u00f3 la atenci\u00f3n no es lo de las redes sociales, pero me empezaron a llegar comentarios en Instagram y otros de amigos y amigas con \u2018Che, dicen que vos\u2026&#8217;\u201d, respondi\u00f3 Rubinska.<\/p>\n\n\n\n<p>\u201cEntonces,\u00a0desmiento totalmente.\u00a0Yo no tuve ni tengo absolutamente nada que ver con Alberto Fern\u00e1ndez\u201c, se\u00f1al\u00f3 y agreg\u00f3: \u201cMi solidaridad es total con la v\u00edctima, con Fabiola. Fue muy escalofriante escuchar su relato y su denuncia\u201d.<\/p>\n\n\n\n<p>Respecto de los rumores, detall\u00f3 que \u201chay que hacer eje en c\u00f3mo algunos periodistas, no todos,\u00a0compran las fake news y las reproducen sin ning\u00fan tipo de prueba, generando permanentemente una injuria\u201d.<\/p>\n\n\n\n<p>\u201cMe preocupa que colegas a los que les ten\u00eda respeto den a entender algo sin preguntarme y haci\u00e9ndose eco de una fake news. Eso es preocupante, porque, hasta ahora, no hay modo de resguardarse de las cloacas de Instagram y de Twitter. Pero con los periodistas,\u00a0tiene que haber un l\u00edmite, porque instalan, instalan, instalan y algo quedar\u00e1\u201c, a\u00f1adi\u00f3.<\/p>\n\n\n\n<p>Cuando durante la emisi\u00f3n le preguntaron directamente si conoc\u00eda al expresidente respondi\u00f3: \u201cS\u00ed, yo tuve una relaci\u00f3n profesional como tuvimos muchos periodistas\u201d.<\/p>\n\n\n\n<p>\u201cYo tengo dos lecturas. Una es la de los periodistas que se hacen eco de la basura que se escucha y se lee. Como periodistas, tenemos que tomar las cosas con seriedad y no dejarlo pasar. Despu\u00e9s pas\u00f3 otra cosa. Yo tuve\u00a0como la mayor\u00eda de los periodistas en la Argentina alg\u00fan tipo de b\u00fasqueda de informaci\u00f3n\u00a0porque me gusta investigar y preguntar. En ese contacto directo,\u00a0le he preguntado (a Alberto Fern\u00e1ndez), como una fuente permanente, sobre la cuarentena, sobre Vicent\u00edn\u201c, detall\u00f3.<\/p>\n\n\n\n<p>\u201cMe lastiman los periodistas que no van a las fuentes y que dan a entender algo sobre una fake news\u201d, se\u00f1al\u00f3.<\/p>\n","protected":false},"excerpt":{"rendered":"<p>Tras los rumores que la vincularon con el expresidente, la periodista se defendi\u00f3 y apunt\u00f3: \u201cEl tema de las redes sociales es un foco de basura, es una cloaca\u201d. Luego de que empezaran a\u00a0circular versiones sobre una supuesta relaci\u00f3n estrecha con el expresidente,\u00a0Alberto Fern\u00e1ndez, la periodista\u00a0Luciana Rubinska se defendi\u00f3. \u201cTu nombre estuvo todo el fin [&hellip;]<\/p>\n","protected":false},"author":2,"featured_media":9816,"comment_status":"open","ping_status":"open","sticky":false,"template":"","format":"standard","meta":{"footnotes":""},"categories":[20],"tags":[],"_links":{"self":[{"href":"https:\/\/enlamira.info\/index.php\/wp-json\/wp\/v2\/posts\/9813"}],"collection":[{"href":"https:\/\/enlamira.info\/index.php\/wp-json\/wp\/v2\/posts"}],"about":[{"href":"https:\/\/enlamira.info\/index.php\/wp-json\/wp\/v2\/types\/post"}],"author":[{"embeddable":true,"href":"https:\/\/enlamira.info\/index.php\/wp-json\/wp\/v2\/users\/2"}],"replies":[{"embeddable":true,"href":"https:\/\/enlamira.info\/index.php\/wp-json\/wp\/v2\/comments?post=9813"}],"version-history":[{"count":1,"href":"https:\/\/enlamira.info\/index.php\/wp-json\/wp\/v2\/posts\/9813\/revisions"}],"predecessor-version":[{"id":9814,"href":"https:\/\/enlamira.info\/index.php\/wp-json\/wp\/v2\/posts\/9813\/revisions\/9814"}],"wp:featuredmedia":[{"embeddable":true,"href":"https:\/\/enlamira.info\/index.php\/wp-json\/wp\/v2\/media\/9816"}],"wp:attachment":[{"href":"https:\/\/enlamira.info\/index.php\/wp-json\/wp\/v2\/media?parent=9813"}],"wp:term":[{"taxonomy":"category","embeddable":true,"href":"https:\/\/enlamira.info\/index.php\/wp-json\/wp\/v2\/categories?post=9813"},{"taxonomy":"post_tag","embeddable":true,"href":"https:\/\/enlamira.info\/index.php\/wp-json\/wp\/v2\/tags?post=9813"}],"curies":[{"name":"wp","href":"https:\/\/api.w.org\/{rel}","templated":true}]}}