{"id":9806,"date":"2024-08-13T19:21:00","date_gmt":"2024-08-13T22:21:00","guid":{"rendered":"https:\/\/enlamira.info\/?p=9806"},"modified":"2024-08-13T19:30:15","modified_gmt":"2024-08-13T22:30:15","slug":"ayelen-mazzina-cruzo-a-fabiola-yanez-nunca-estuve-al-tanto-de-la-situacion-de-violencia-que-denuncia","status":"publish","type":"post","link":"https:\/\/enlamira.info\/index.php\/2024\/08\/13\/ayelen-mazzina-cruzo-a-fabiola-yanez-nunca-estuve-al-tanto-de-la-situacion-de-violencia-que-denuncia\/","title":{"rendered":"Ayel\u00e9n Mazzina cruz\u00f3 a Fabiola Ya\u00f1ez: \u201cNunca estuve al tanto de la situaci\u00f3n de violencia que denuncia\u201d"},"content":{"rendered":"\n<p>La ex ministra de las Mujeres desminti\u00f3 que la ex pareja de Alberto Fern\u00e1ndez le haya hecho saber que sufr\u00eda golpes y acoso psicol\u00f3gico por parte del ex mandatario.<\/p>\n\n\n\n<p>En medio de las declaraciones de la ex primera dama,\u00a0Fabiola Y\u00e1\u00f1ez,\u00a0contra su ex pareja\u00a0Alberto Fern\u00e1ndez,\u00a0por violencia de g\u00e9nero, quien fuera la ministra de las Mujeres, Diversidad y G\u00e9nero,\u00a0Ayel\u00e9n Mazzina\u00a0desminti\u00f3 tener conocimiento de la situaci\u00f3n.<\/p>\n\n\n\n<p>\u201cLo dije y lo sostengo: nunca estuve al tanto de la situaci\u00f3n de violencia denunciada por la Ex Primera Dama\u201d, expres\u00f3 la ex funcionaria del gobierno del Frente de Todos,\u00a0en su cuenta de\u00a0X\u00a0(ex Twitter), tras las acusaciones de Y\u00e1\u00f1ez.<\/p>\n\n\n\n<p>A lo que agreg\u00f3: \u201cMe pondr\u00e9 a disposici\u00f3n de la Justicia, que es quien debe investigar, porque no puedo permitir una falsedad sobre lo que sucedi\u00f3 ni que se banalice la violencia de g\u00e9nero\u201d.<\/p>\n\n\n\n<p>\u201cAgrego que\u00a0sigue siendo fundamental construir y sostener pol\u00edticas p\u00fablicas que prevengan la violencia\u00a0por motivos de g\u00e9nero y asistan a las v\u00edctimas que debemos proteger\u201d, sum\u00f3 Mazzina haciendo referencia al cierre del Ministerio de las Mujeres y al recorte de partidas para esa \u00e1rea por parte de\u00a0Javier Milei.<\/p>\n\n\n\n<p>La respuesta de la ex funcionaria de Alberto, llega tras la acusaci\u00f3n por parte de la ex primera dama que indic\u00f3 ante la Justicia que Mazzina sab\u00eda de los golpes y la violencia que ejerc\u00eda Fern\u00e1ndez contra ella, y\u00a0que a pesar de ello, no hizo nada para ayudarla.<\/p>\n\n\n\n<p>Esta es la segunda vez que la ex ministra sale a desmentir su intervenci\u00f3n en los hechos de violencia, hace unos d\u00edas utiliz\u00f3 sus redes sociales para decir: \u201cEscuch\u00e9 de una persona y luego se replic\u00f3 que ella hab\u00eda pedido ayuda al ministerio y se le dijo que est\u00e9 tranquila, que iba a pasar.\u00a0Eso nunca sucedi\u00f3, ser\u00eda incapaz de dar una respuesta as\u00ed.\u00a0Antes de dar una respuesta as\u00ed\u2026 no habr\u00eda forma de ocupar el cargo ni el lugar institucional en el que estaba\u201d <\/p>\n","protected":false},"excerpt":{"rendered":"<p>La ex ministra de las Mujeres desminti\u00f3 que la ex pareja de Alberto Fern\u00e1ndez le haya hecho saber que sufr\u00eda golpes y acoso psicol\u00f3gico por parte del ex mandatario. En medio de las declaraciones de la ex primera dama,\u00a0Fabiola Y\u00e1\u00f1ez,\u00a0contra su ex pareja\u00a0Alberto Fern\u00e1ndez,\u00a0por violencia de g\u00e9nero, quien fuera la ministra de las Mujeres, Diversidad [&hellip;]<\/p>\n","protected":false},"author":2,"featured_media":9809,"comment_status":"open","ping_status":"open","sticky":false,"template":"","format":"standard","meta":{"footnotes":""},"categories":[20],"tags":[],"_links":{"self":[{"href":"https:\/\/enlamira.info\/index.php\/wp-json\/wp\/v2\/posts\/9806"}],"collection":[{"href":"https:\/\/enlamira.info\/index.php\/wp-json\/wp\/v2\/posts"}],"about":[{"href":"https:\/\/enlamira.info\/index.php\/wp-json\/wp\/v2\/types\/post"}],"author":[{"embeddable":true,"href":"https:\/\/enlamira.info\/index.php\/wp-json\/wp\/v2\/users\/2"}],"replies":[{"embeddable":true,"href":"https:\/\/enlamira.info\/index.php\/wp-json\/wp\/v2\/comments?post=9806"}],"version-history":[{"count":1,"href":"https:\/\/enlamira.info\/index.php\/wp-json\/wp\/v2\/posts\/9806\/revisions"}],"predecessor-version":[{"id":9807,"href":"https:\/\/enlamira.info\/index.php\/wp-json\/wp\/v2\/posts\/9806\/revisions\/9807"}],"wp:featuredmedia":[{"embeddable":true,"href":"https:\/\/enlamira.info\/index.php\/wp-json\/wp\/v2\/media\/9809"}],"wp:attachment":[{"href":"https:\/\/enlamira.info\/index.php\/wp-json\/wp\/v2\/media?parent=9806"}],"wp:term":[{"taxonomy":"category","embeddable":true,"href":"https:\/\/enlamira.info\/index.php\/wp-json\/wp\/v2\/categories?post=9806"},{"taxonomy":"post_tag","embeddable":true,"href":"https:\/\/enlamira.info\/index.php\/wp-json\/wp\/v2\/tags?post=9806"}],"curies":[{"name":"wp","href":"https:\/\/api.w.org\/{rel}","templated":true}]}}