{"id":9796,"date":"2024-08-13T19:17:53","date_gmt":"2024-08-13T22:17:53","guid":{"rendered":"https:\/\/enlamira.info\/?p=9796"},"modified":"2024-08-13T19:32:50","modified_gmt":"2024-08-13T22:32:50","slug":"tension-con-milei-lula-recibio-a-axel-kicillof-en-brasil-para-establecer-inversiones-en-territorio-bonaerense","status":"publish","type":"post","link":"https:\/\/enlamira.info\/index.php\/2024\/08\/13\/tension-con-milei-lula-recibio-a-axel-kicillof-en-brasil-para-establecer-inversiones-en-territorio-bonaerense\/","title":{"rendered":"Tensi\u00f3n con Milei: Lula recibi\u00f3 a Axel Kicillof en Brasil para establecer inversiones en territorio bonaerense"},"content":{"rendered":"\n<p>El mandatario brasile\u00f1o mantuvo un encuentro con el gobernador de la provincia de Buenos Aires, enviando un fuerte mensaje pol\u00edtico al Presidente de la Naci\u00f3n con quien mantiene una mala relaci\u00f3n.<\/p>\n\n\n\n<p>En medio de las tensiones con\u00a0Javier Milei, por tildarlo de \u201ccorrupto\u201d y \u201ccomunista\u201d, el presidente de\u00a0Brasil, Luis In\u00e1cio \u201cLula\u201d da Silva, recibi\u00f3 al gobernador de la provincia de\u00a0Buenos Aires, Axel Kicillof,\u00a0en un fuerte gesto pol\u00edtico por parte del l\u00edder del\u00a0Partido de los Trabajadores\u00a0(PT).<\/p>\n\n\n\n<p>La agenda fue mantenida en secreto por ambos l\u00edderes, pero se conoci\u00f3 el encuentro a trav\u00e9s del ministro de Gobierno bonaerense,\u00a0Carlos Bianco, quien dijo al respecto: \u201cEl martes vamos a ir a Brasil para tener tres reuniones muy importantes: Kicillof se reunir\u00e1 con el vicepresidente\u00a0Geraldo Alckmin; adem\u00e1s ser\u00e1 recibido por el ministro de Econom\u00eda (Fernando Haddad)\u00a0y por el Canciller (Mauro Vieira)\u201d.<\/p>\n\n\n\n<p>\u201cEn el Palacio do Planalto\u00a0recib\u00ed al gobernador de la provincia de Buenos Aires, la m\u00e1s grande de Argentina, Axel Kicillof, junto al ministro Fernando Haddad. Axel tambi\u00e9n se reuni\u00f3 con el vicepresidente y ministro de Fomento, Industria, Comercio y Servicios, Geraldo Alckmin. La provincia de Buenos Aires es la m\u00e1s grande y m\u00e1s industrializada de Argentina\u201d, inform\u00f3 el l\u00edder brasile\u00f1o sobre el encuentro.<\/p>\n\n\n\n<p>Si bien, el gobernador bonaerense busca respaldo pol\u00edtico en medio de su batalla con el Gobierno nacional por la quita de presupuesto e inversiones, en el marco del ajuste que leva adelante la gesti\u00f3n libertaria, desde el entorno del presidente Lula, indicaron que la visita de Kicillof,\u00a0remarca el \u201ccompromiso absoluto de colaboraci\u00f3n con la provincia\u201d.<\/p>\n\n\n\n<p>Por su parte, el referente cercano a\u00a0Cristina Kirchner,\u00a0expreso a trav\u00e9s de su cuenta de\u00a0X\u00a0(ex Twitter) que el encuentro busc\u00f3\u00a0\u201cfortalecer la articulaci\u00f3n entre Brasil y la provincia de Buenos Aires y poner en com\u00fan una agenda de inversiones y desarrollo productivo\u201d. Aunque no dio m\u00e1s detalles de la agenda que mantuvieron ambos mandatarios.<\/p>\n","protected":false},"excerpt":{"rendered":"<p>El mandatario brasile\u00f1o mantuvo un encuentro con el gobernador de la provincia de Buenos Aires, enviando un fuerte mensaje pol\u00edtico al Presidente de la Naci\u00f3n con quien mantiene una mala relaci\u00f3n. En medio de las tensiones con\u00a0Javier Milei, por tildarlo de \u201ccorrupto\u201d y \u201ccomunista\u201d, el presidente de\u00a0Brasil, Luis In\u00e1cio \u201cLula\u201d da Silva, recibi\u00f3 al gobernador [&hellip;]<\/p>\n","protected":false},"author":2,"featured_media":9798,"comment_status":"open","ping_status":"open","sticky":false,"template":"","format":"standard","meta":{"footnotes":""},"categories":[20],"tags":[],"_links":{"self":[{"href":"https:\/\/enlamira.info\/index.php\/wp-json\/wp\/v2\/posts\/9796"}],"collection":[{"href":"https:\/\/enlamira.info\/index.php\/wp-json\/wp\/v2\/posts"}],"about":[{"href":"https:\/\/enlamira.info\/index.php\/wp-json\/wp\/v2\/types\/post"}],"author":[{"embeddable":true,"href":"https:\/\/enlamira.info\/index.php\/wp-json\/wp\/v2\/users\/2"}],"replies":[{"embeddable":true,"href":"https:\/\/enlamira.info\/index.php\/wp-json\/wp\/v2\/comments?post=9796"}],"version-history":[{"count":1,"href":"https:\/\/enlamira.info\/index.php\/wp-json\/wp\/v2\/posts\/9796\/revisions"}],"predecessor-version":[{"id":9797,"href":"https:\/\/enlamira.info\/index.php\/wp-json\/wp\/v2\/posts\/9796\/revisions\/9797"}],"wp:featuredmedia":[{"embeddable":true,"href":"https:\/\/enlamira.info\/index.php\/wp-json\/wp\/v2\/media\/9798"}],"wp:attachment":[{"href":"https:\/\/enlamira.info\/index.php\/wp-json\/wp\/v2\/media?parent=9796"}],"wp:term":[{"taxonomy":"category","embeddable":true,"href":"https:\/\/enlamira.info\/index.php\/wp-json\/wp\/v2\/categories?post=9796"},{"taxonomy":"post_tag","embeddable":true,"href":"https:\/\/enlamira.info\/index.php\/wp-json\/wp\/v2\/tags?post=9796"}],"curies":[{"name":"wp","href":"https:\/\/api.w.org\/{rel}","templated":true}]}}