{"id":9751,"date":"2024-08-12T19:37:48","date_gmt":"2024-08-12T22:37:48","guid":{"rendered":"https:\/\/enlamira.info\/?p=9751"},"modified":"2024-08-12T19:42:09","modified_gmt":"2024-08-12T22:42:09","slug":"ajuste-a-la-educacion-publica-las-universidades-nacionales-no-dan-clases-por-falta-de-presupuesto","status":"publish","type":"post","link":"https:\/\/enlamira.info\/index.php\/2024\/08\/12\/ajuste-a-la-educacion-publica-las-universidades-nacionales-no-dan-clases-por-falta-de-presupuesto\/","title":{"rendered":"Ajuste a la educaci\u00f3n p\u00fablica: las universidades nacionales no dan clases por falta de presupuesto"},"content":{"rendered":"\n<p>El Gobierno otorg\u00f3 un aumento del 3% para los docentes acad\u00e9micos y los gremios llamaron al paro. Adem\u00e1s denuncian la falta de partidas para sostener a las casas de altos estudios funcionados.<\/p>\n\n\n\n<p>Debido al escaso aumento salarial que el\u00a0Ministerio de Capital Humano,\u00a0que conduce\u00a0Sandra Pettovello, ofreci\u00f3 a los docentes universitarios, en torno al tres por ciento para agosto y un dos por ciento m\u00e1s, para septiembre, los gremios iniciaron una medida de fuerza que mantiene cerradas las casas de altos estudios.<\/p>\n\n\n\n<p>Ante ello, desde la\u00a0Federaci\u00f3n de Docentes de las Universidades\u00a0(FEDUN), junto al\u00a0Frente Sindical de Universidades Nacionales, ratificaron en inicio de un paro total de actividades por 24 horas, para el lunes 12 de agosto. Adem\u00e1s de dos jornadas de visibilizaci\u00f3n del conflicto los para el martes y mi\u00e9rcoles, sumado a un paro de 48 horas para el 20 y 21 de agosto.<\/p>\n\n\n\n<p>\u201cEl Gobierno no dio respuestas a nuestros reclamos a pesar de que venimos perdiendo m\u00e1s del 50 por ciento de nuestro salario este a\u00f1o a causa de la inflaci\u00f3n\u00a0y los pobres aumentos que el Ministerio de Capital Humano decide de manera unilateral\u201d, se\u00f1alaron desde el sector sindical sobre la intenci\u00f3n de la gesti\u00f3n de Javier Milei de eliminar la educaci\u00f3n p\u00fablica.<\/p>\n\n\n\n<p>A lo que agregaron. \u201cEsto deteriora d\u00eda a d\u00eda la situaci\u00f3n de los trabajadores de las universidades nacionales, y es por eso que nuestro plan de lucha contin\u00faa este lunes con el no inicio de clases del segundo cuatrimestre en las casas de altos estudios de todo el pa\u00eds\u201d.<\/p>\n\n\n\n<p>\u201cEste tipo de decisiones sobre los salarios universitarios que toma el Ministerio de Capital Humano est\u00e1 \u00edntimamente relacionado con el modelo de pa\u00eds que imaginan. El Gobierno, con su accionar sobre el sistema universitario, est\u00e1 poniendo en jaque el proyecto de pa\u00eds que so\u00f1amos\u201d, destacaron desde el sector acad\u00e9mico, que adem\u00e1s denuncia\u00a0la eliminaci\u00f3n de partidas presupuestarias claves para el funcionamiento de las unidades acad\u00e9micas.<\/p>\n","protected":false},"excerpt":{"rendered":"<p>El Gobierno otorg\u00f3 un aumento del 3% para los docentes acad\u00e9micos y los gremios llamaron al paro. Adem\u00e1s denuncian la falta de partidas para sostener a las casas de altos estudios funcionados. Debido al escaso aumento salarial que el\u00a0Ministerio de Capital Humano,\u00a0que conduce\u00a0Sandra Pettovello, ofreci\u00f3 a los docentes universitarios, en torno al tres por ciento [&hellip;]<\/p>\n","protected":false},"author":2,"featured_media":9753,"comment_status":"open","ping_status":"open","sticky":false,"template":"","format":"standard","meta":{"footnotes":""},"categories":[20],"tags":[],"_links":{"self":[{"href":"https:\/\/enlamira.info\/index.php\/wp-json\/wp\/v2\/posts\/9751"}],"collection":[{"href":"https:\/\/enlamira.info\/index.php\/wp-json\/wp\/v2\/posts"}],"about":[{"href":"https:\/\/enlamira.info\/index.php\/wp-json\/wp\/v2\/types\/post"}],"author":[{"embeddable":true,"href":"https:\/\/enlamira.info\/index.php\/wp-json\/wp\/v2\/users\/2"}],"replies":[{"embeddable":true,"href":"https:\/\/enlamira.info\/index.php\/wp-json\/wp\/v2\/comments?post=9751"}],"version-history":[{"count":1,"href":"https:\/\/enlamira.info\/index.php\/wp-json\/wp\/v2\/posts\/9751\/revisions"}],"predecessor-version":[{"id":9752,"href":"https:\/\/enlamira.info\/index.php\/wp-json\/wp\/v2\/posts\/9751\/revisions\/9752"}],"wp:featuredmedia":[{"embeddable":true,"href":"https:\/\/enlamira.info\/index.php\/wp-json\/wp\/v2\/media\/9753"}],"wp:attachment":[{"href":"https:\/\/enlamira.info\/index.php\/wp-json\/wp\/v2\/media?parent=9751"}],"wp:term":[{"taxonomy":"category","embeddable":true,"href":"https:\/\/enlamira.info\/index.php\/wp-json\/wp\/v2\/categories?post=9751"},{"taxonomy":"post_tag","embeddable":true,"href":"https:\/\/enlamira.info\/index.php\/wp-json\/wp\/v2\/tags?post=9751"}],"curies":[{"name":"wp","href":"https:\/\/api.w.org\/{rel}","templated":true}]}}