{"id":973,"date":"2024-03-13T11:29:20","date_gmt":"2024-03-13T14:29:20","guid":{"rendered":"https:\/\/enlamira.info\/?p=973"},"modified":"2024-03-13T11:30:03","modified_gmt":"2024-03-13T14:30:03","slug":"movilidad-jubilatoria-el-oficialismo-busca-desactivar-la-sesion-de-este-miercoles-en-diputados","status":"publish","type":"post","link":"https:\/\/enlamira.info\/index.php\/2024\/03\/13\/movilidad-jubilatoria-el-oficialismo-busca-desactivar-la-sesion-de-este-miercoles-en-diputados\/","title":{"rendered":"Movilidad jubilatoria: el oficialismo busca desactivar la sesi\u00f3n de este mi\u00e9rcoles en Diputados"},"content":{"rendered":"\n<p>Los libertarios apuntan a vaciar la sesi\u00f3n promovida por Hacemos Coalici\u00f3n Federal y convocaron a Comisi\u00f3n. De todas maneras, por el temporal y la cancelaci\u00f3n de vuelos, peligra el tratamiento.<\/p>\n\n\n\n<p>Los\u00a0jubilados y la movilidad de sus ingresos\u00a0ser\u00e1n este mi\u00e9rcoles una nueva arista del enfrentamiento entre el oficialismo y oposici\u00f3n en la\u00a0C\u00e1mara de Diputados.<\/p>\n\n\n\n<p>Si bien\u00a0Hacemos Coalici\u00f3n Federal pidi\u00f3 sesionar, los libertarios de la mano de\u00a0Mart\u00edn Menem buscaron contraatacar llamando a Comisi\u00f3n\u00a0de Previsi\u00f3n y Seguridad Social para vaciar la C\u00e1mara Baja.<\/p>\n\n\n\n<p>De todas maneras, la apertura en el Congreso\u00a0peligra tambi\u00e9n por el fuerte temporal que azota al pa\u00eds\u00a0y afecta a los aeropuertos, por lo que varios legisladores no podr\u00eda arribar a la Ciudad de Buenos Aires.<\/p>\n\n\n\n<p>En cuento a la movilidad jubilatoria, tanto\u00a0Hacemos Coalici\u00f3n Federal, como Uni\u00f3n por la Patria y la izquierda\u00a0presionan para que se dictamine de manera urgente una nueva f\u00f3rmula frente a la inflaci\u00f3n. La sesi\u00f3n est\u00e1 programada para el mediod\u00eda.<\/p>\n\n\n\n<p>Con el llamado a Comisi\u00f3n por parte del oficialismo y los aliados del PRO, se busca que la UCR evite ir a la sesi\u00f3n para discutir el asunto previamente.<\/p>\n\n\n\n<p>El radicalismo es fundamental para poder llevar adelante la votaci\u00f3n\u00a0y al momento se cuentan los votos uno por uno. El sector m\u00e1s cercano a\u00a0Javier Milei\u00a0duda en asistir, mientras que todo indica que el c\u00edrculo de\u00a0Mart\u00edn Lousteau\u00a0quiere dar qu\u00f3rum y tratar el tema este mi\u00e9rcoles.<\/p>\n\n\n\n<p>Respecto de c\u00f3mo ser\u00eda la\u00a0nueva f\u00f3rmula, la Coalici\u00f3n C\u00edvica, que promueve sesionar hoy, propuso\u00a0indexar los haberes con el \u00edndice de inflaci\u00f3n\u00a0a partir del mes pr\u00f3ximo.<\/p>\n","protected":false},"excerpt":{"rendered":"<p>Los libertarios apuntan a vaciar la sesi\u00f3n promovida por Hacemos Coalici\u00f3n Federal y convocaron a Comisi\u00f3n. De todas maneras, por el temporal y la cancelaci\u00f3n de vuelos, peligra el tratamiento. Los\u00a0jubilados y la movilidad de sus ingresos\u00a0ser\u00e1n este mi\u00e9rcoles una nueva arista del enfrentamiento entre el oficialismo y oposici\u00f3n en la\u00a0C\u00e1mara de Diputados. Si bien\u00a0Hacemos [&hellip;]<\/p>\n","protected":false},"author":2,"featured_media":975,"comment_status":"open","ping_status":"open","sticky":false,"template":"","format":"standard","meta":{"footnotes":""},"categories":[20],"tags":[],"_links":{"self":[{"href":"https:\/\/enlamira.info\/index.php\/wp-json\/wp\/v2\/posts\/973"}],"collection":[{"href":"https:\/\/enlamira.info\/index.php\/wp-json\/wp\/v2\/posts"}],"about":[{"href":"https:\/\/enlamira.info\/index.php\/wp-json\/wp\/v2\/types\/post"}],"author":[{"embeddable":true,"href":"https:\/\/enlamira.info\/index.php\/wp-json\/wp\/v2\/users\/2"}],"replies":[{"embeddable":true,"href":"https:\/\/enlamira.info\/index.php\/wp-json\/wp\/v2\/comments?post=973"}],"version-history":[{"count":3,"href":"https:\/\/enlamira.info\/index.php\/wp-json\/wp\/v2\/posts\/973\/revisions"}],"predecessor-version":[{"id":977,"href":"https:\/\/enlamira.info\/index.php\/wp-json\/wp\/v2\/posts\/973\/revisions\/977"}],"wp:featuredmedia":[{"embeddable":true,"href":"https:\/\/enlamira.info\/index.php\/wp-json\/wp\/v2\/media\/975"}],"wp:attachment":[{"href":"https:\/\/enlamira.info\/index.php\/wp-json\/wp\/v2\/media?parent=973"}],"wp:term":[{"taxonomy":"category","embeddable":true,"href":"https:\/\/enlamira.info\/index.php\/wp-json\/wp\/v2\/categories?post=973"},{"taxonomy":"post_tag","embeddable":true,"href":"https:\/\/enlamira.info\/index.php\/wp-json\/wp\/v2\/tags?post=973"}],"curies":[{"name":"wp","href":"https:\/\/api.w.org\/{rel}","templated":true}]}}