{"id":9696,"date":"2024-08-12T18:26:14","date_gmt":"2024-08-12T21:26:14","guid":{"rendered":"https:\/\/enlamira.info\/?p=9696"},"modified":"2024-08-12T18:26:14","modified_gmt":"2024-08-12T21:26:14","slug":"avellaneda-encuentro-de-reflexion-sobre-la-ninez","status":"publish","type":"post","link":"https:\/\/enlamira.info\/index.php\/2024\/08\/12\/avellaneda-encuentro-de-reflexion-sobre-la-ninez\/","title":{"rendered":"Avellaneda: Encuentro de reflexi\u00f3n sobre la ni\u00f1ez"},"content":{"rendered":"\n<p>Impulsado por el Obispo de Avellaneda Padre Marcelo &#8220;Maxi&#8221; Margni, ser\u00e1 este viernes 16 en la UNDAV expondr\u00e1n importantes referentes  y sociales de la ni\u00f1ez. Bajo el lema &#8220;\u00a1No m\u00e1s chicas y chicos descartables!&#8221;. Contar\u00e1 con el aporte de distintas confesiones religiosas.<\/p>\n\n\n\n<p>EN V\u00cdSPERAS DEL D\u00cdA DE LA NI\u00d1EZ<br>Viernes 16 de agosto<br>Edificio de la UNDAV &#8211; Universidad Nacional de Avellaneda<br>Calle Espa\u00f1a 350, Avellaneda<br>de 10 h hasta el mediod\u00eda<\/p>\n\n\n\n<p>\u00a1No m\u00e1s chicas y chicos descartables!<br>Encuentro de reflexi\u00f3n<br>\u201cLa ni\u00f1ez y la adolescencia una mirada integral en tiempo de crisis\u201d<br>\u2022 La necesidad de cuidarlos<br>\u2022 El acompa\u00f1amiento de adolescentes en conflicto con la ley<br>\u2022 La mirada de las religiones sobre el cuidado de la ni\u00f1ez<\/p>\n\n\n\n<p>Convocan:<br>Di\u00f3cesis de Avellaneda Lan\u00fas<br>Di\u00f3cesis de San Isidro<br>UNDAV Universidad Nacional de Avellaneda<br>y con la adhesi\u00f3n de la ULPE Universidad Latinoamericana de las Periferias<br>y el aporte de distintas confesiones religiosas<\/p>\n\n\n\n<figure class=\"wp-block-image size-large\"><img loading=\"lazy\" decoding=\"async\" width=\"832\" height=\"1024\" src=\"https:\/\/enlamira.info\/wp-content\/uploads\/2024\/08\/cf825271-ea35-46b1-b587-36bc68ea3a6c-832x1024.jpg\" alt=\"\" class=\"wp-image-9697\" srcset=\"https:\/\/enlamira.info\/wp-content\/uploads\/2024\/08\/cf825271-ea35-46b1-b587-36bc68ea3a6c-832x1024.jpg 832w, https:\/\/enlamira.info\/wp-content\/uploads\/2024\/08\/cf825271-ea35-46b1-b587-36bc68ea3a6c-244x300.jpg 244w, https:\/\/enlamira.info\/wp-content\/uploads\/2024\/08\/cf825271-ea35-46b1-b587-36bc68ea3a6c-768x945.jpg 768w, https:\/\/enlamira.info\/wp-content\/uploads\/2024\/08\/cf825271-ea35-46b1-b587-36bc68ea3a6c.jpg 984w\" sizes=\"(max-width: 832px) 100vw, 832px\" \/><\/figure>\n\n\n\n<figure class=\"wp-block-image size-large\"><img loading=\"lazy\" decoding=\"async\" width=\"711\" height=\"1024\" src=\"https:\/\/enlamira.info\/wp-content\/uploads\/2024\/08\/de368bce-bca5-452e-9c7c-f895e4889909-711x1024.jpg\" alt=\"\" class=\"wp-image-9698\" srcset=\"https:\/\/enlamira.info\/wp-content\/uploads\/2024\/08\/de368bce-bca5-452e-9c7c-f895e4889909-711x1024.jpg 711w, https:\/\/enlamira.info\/wp-content\/uploads\/2024\/08\/de368bce-bca5-452e-9c7c-f895e4889909-208x300.jpg 208w, https:\/\/enlamira.info\/wp-content\/uploads\/2024\/08\/de368bce-bca5-452e-9c7c-f895e4889909-768x1106.jpg 768w, https:\/\/enlamira.info\/wp-content\/uploads\/2024\/08\/de368bce-bca5-452e-9c7c-f895e4889909.jpg 984w\" sizes=\"(max-width: 711px) 100vw, 711px\" \/><\/figure>\n","protected":false},"excerpt":{"rendered":"<p>Impulsado por el Obispo de Avellaneda Padre Marcelo &#8220;Maxi&#8221; Margni, ser\u00e1 este viernes 16 en la UNDAV expondr\u00e1n importantes referentes y sociales de la ni\u00f1ez. Bajo el lema &#8220;\u00a1No m\u00e1s chicas y chicos descartables!&#8221;. Contar\u00e1 con el aporte de distintas confesiones religiosas. EN V\u00cdSPERAS DEL D\u00cdA DE LA NI\u00d1EZViernes 16 de agostoEdificio de la UNDAV [&hellip;]<\/p>\n","protected":false},"author":2,"featured_media":9699,"comment_status":"open","ping_status":"open","sticky":false,"template":"","format":"standard","meta":{"footnotes":""},"categories":[1,5,34],"tags":[341,342],"_links":{"self":[{"href":"https:\/\/enlamira.info\/index.php\/wp-json\/wp\/v2\/posts\/9696"}],"collection":[{"href":"https:\/\/enlamira.info\/index.php\/wp-json\/wp\/v2\/posts"}],"about":[{"href":"https:\/\/enlamira.info\/index.php\/wp-json\/wp\/v2\/types\/post"}],"author":[{"embeddable":true,"href":"https:\/\/enlamira.info\/index.php\/wp-json\/wp\/v2\/users\/2"}],"replies":[{"embeddable":true,"href":"https:\/\/enlamira.info\/index.php\/wp-json\/wp\/v2\/comments?post=9696"}],"version-history":[{"count":1,"href":"https:\/\/enlamira.info\/index.php\/wp-json\/wp\/v2\/posts\/9696\/revisions"}],"predecessor-version":[{"id":9700,"href":"https:\/\/enlamira.info\/index.php\/wp-json\/wp\/v2\/posts\/9696\/revisions\/9700"}],"wp:featuredmedia":[{"embeddable":true,"href":"https:\/\/enlamira.info\/index.php\/wp-json\/wp\/v2\/media\/9699"}],"wp:attachment":[{"href":"https:\/\/enlamira.info\/index.php\/wp-json\/wp\/v2\/media?parent=9696"}],"wp:term":[{"taxonomy":"category","embeddable":true,"href":"https:\/\/enlamira.info\/index.php\/wp-json\/wp\/v2\/categories?post=9696"},{"taxonomy":"post_tag","embeddable":true,"href":"https:\/\/enlamira.info\/index.php\/wp-json\/wp\/v2\/tags?post=9696"}],"curies":[{"name":"wp","href":"https:\/\/api.w.org\/{rel}","templated":true}]}}