{"id":968,"date":"2024-03-13T11:27:57","date_gmt":"2024-03-13T14:27:57","guid":{"rendered":"https:\/\/enlamira.info\/?p=968"},"modified":"2024-03-13T12:12:55","modified_gmt":"2024-03-13T15:12:55","slug":"milei-sostuvo-que-marzo-sera-complicado-y-hablo-de-la-apertura-del-cepo-cambiario","status":"publish","type":"post","link":"https:\/\/enlamira.info\/index.php\/2024\/03\/13\/milei-sostuvo-que-marzo-sera-complicado-y-hablo-de-la-apertura-del-cepo-cambiario\/","title":{"rendered":"Milei sostuvo que marzo \u201cser\u00e1 complicado\u201d y habl\u00f3 de la apertura del cepo cambiario"},"content":{"rendered":"\n<p>El Presidente analiz\u00f3 la situaci\u00f3n que atraviesa la Argentina y ratific\u00f3 su programa econ\u00f3mico al tiempo que asegur\u00f3 que el 13,2% de inflaci\u00f3n de febrero es \u201cuna tragedia\u201d para la gente.<\/p>\n\n\n\n<p>Luego de conocerse la cifra de\u00a0inflaci\u00f3n de febrero que alcanz\u00f3 los 13,2 puntos, el presidente\u00a0Javier Milei adelant\u00f3 c\u00f3mo ser\u00e1 el pr\u00f3ximo tiempo y defendi\u00f3 su programa de ajuste econ\u00f3mico.<\/p>\n\n\n\n<p>\u201cEs cierto que\u00a0es un n\u00famero que es una tragedia\u00a0pero hay que ponerlo en el contexto\u201c, coment\u00f3 el mandatario, quien especific\u00f3 que es producto de\u00a0\u201cla cat\u00e1strofe que dej\u00f3 el kirchnerismo\u201c.<\/p>\n\n\n\n<p>\u201cLos n\u00fameros de marzo a pesar que pegaron un repunte, van a tener una inflaci\u00f3n en torno a\u00a07% u 8%\u201c, sostuvo, y asegur\u00f3 que el aumento ser\u00e1 a ra\u00edz de que\u00a0\u201ces un mes con una estacionalidad complicada\u201d.<\/p>\n\n\n\n<p>Ante la \u00faltima cifra conocida, especific\u00f3 que \u201cese 13,2% tiene elementos extraordinarios o no recurrentes, como la suba de tarifas con recomposici\u00f3n de precios del anterior gobierno, las prepagas, o el arrastre estad\u00edstico, esos tres elementos suman 6 puntos porcentuales, que si le resta al 13,2% estar\u00edamos hablando de un d\u00edgito de inflaci\u00f3n en torno al 7%\u201d.<\/p>\n\n\n\n<p>Respecto de los\u00a0salarios, coment\u00f3: \u201cNosotros creemos que en cuanto abramos el cepo y empiece el rebote del nivel de actividad,\u00a0el salario va a empezar a ganar fuertemente, al margen de que con la ca\u00edda del d\u00f3lar ha subido mucho\u201d.<\/p>\n\n\n\n<p>\u201cNunca dije que era instant\u00e1neo. Pero todos los pasos que estamos dando es para que\u00a0en alg\u00fan momento podamos abrir el cepo, hacer competencia de monedas y cerrar el Banco Central\u201d, agreg\u00f3.<\/p>\n\n\n\n<p>Y continu\u00f3: \u201cEl problema radica en que si abrimos,\u00a0\u00bfa m\u00ed qui\u00e9n me asegura que no va a haber una corrida? Tengo que esperar unos meses. No estoy dispuesto a correr el riesgo. Prefiero soportar un poco mas esta situaci\u00f3n d\u00e9bil de actividad, pero evitar la hiperinflaci\u00f3n. No hay nada que cause m\u00e1s da\u00f1o que la inflaci\u00f3n. Estamos comprometidos a terminarla y lo estamos haciendo\u201d.<\/p>\n\n\n\n<p>Sobre los fuerte\u00a0aumento de las prepagas, coment\u00f3: \u201cNunca es buena gu\u00eda tratar de estar tocando los precios. A la persona que le molestan los precios de las prepagas, \u00bfc\u00f3mo se sentir\u00eda si le estuvieran tocando su salario o su jubilaci\u00f3n? Es igual\u201d, marc\u00f3 y sentenci\u00f3: \u201cLa gente no entiende el rol del derecho de propiedad. Cuando se sube un impuesto, se est\u00e1 violando el derecho de propiedad. Cuando se controla precios, se est\u00e1 violando el derecho de propiedad\u201d.<\/p>\n\n\n\n<p>En di\u00e1logo con Radio Mitre, tambi\u00e9n se refiri\u00f3 a los hechos de violencia narco en Rosario, Santa Fe y\u00a0adelant\u00f3 que proyecta vender los penales\u00a0que se encuentra en el centro de la ciudades porque tienen un\u00a0buen precio en el mercado inmobiliario\u00a0y construir as\u00ed nuevas c\u00e1rceles<\/p>\n","protected":false},"excerpt":{"rendered":"<p>El Presidente analiz\u00f3 la situaci\u00f3n que atraviesa la Argentina y ratific\u00f3 su programa econ\u00f3mico al tiempo que asegur\u00f3 que el 13,2% de inflaci\u00f3n de febrero es \u201cuna tragedia\u201d para la gente. Luego de conocerse la cifra de\u00a0inflaci\u00f3n de febrero que alcanz\u00f3 los 13,2 puntos, el presidente\u00a0Javier Milei adelant\u00f3 c\u00f3mo ser\u00e1 el pr\u00f3ximo tiempo y defendi\u00f3 [&hellip;]<\/p>\n","protected":false},"author":2,"featured_media":971,"comment_status":"open","ping_status":"open","sticky":false,"template":"","format":"standard","meta":{"footnotes":""},"categories":[20],"tags":[],"_links":{"self":[{"href":"https:\/\/enlamira.info\/index.php\/wp-json\/wp\/v2\/posts\/968"}],"collection":[{"href":"https:\/\/enlamira.info\/index.php\/wp-json\/wp\/v2\/posts"}],"about":[{"href":"https:\/\/enlamira.info\/index.php\/wp-json\/wp\/v2\/types\/post"}],"author":[{"embeddable":true,"href":"https:\/\/enlamira.info\/index.php\/wp-json\/wp\/v2\/users\/2"}],"replies":[{"embeddable":true,"href":"https:\/\/enlamira.info\/index.php\/wp-json\/wp\/v2\/comments?post=968"}],"version-history":[{"count":2,"href":"https:\/\/enlamira.info\/index.php\/wp-json\/wp\/v2\/posts\/968\/revisions"}],"predecessor-version":[{"id":972,"href":"https:\/\/enlamira.info\/index.php\/wp-json\/wp\/v2\/posts\/968\/revisions\/972"}],"wp:featuredmedia":[{"embeddable":true,"href":"https:\/\/enlamira.info\/index.php\/wp-json\/wp\/v2\/media\/971"}],"wp:attachment":[{"href":"https:\/\/enlamira.info\/index.php\/wp-json\/wp\/v2\/media?parent=968"}],"wp:term":[{"taxonomy":"category","embeddable":true,"href":"https:\/\/enlamira.info\/index.php\/wp-json\/wp\/v2\/categories?post=968"},{"taxonomy":"post_tag","embeddable":true,"href":"https:\/\/enlamira.info\/index.php\/wp-json\/wp\/v2\/tags?post=968"}],"curies":[{"name":"wp","href":"https:\/\/api.w.org\/{rel}","templated":true}]}}