{"id":964,"date":"2024-03-13T11:26:32","date_gmt":"2024-03-13T14:26:32","guid":{"rendered":"https:\/\/enlamira.info\/?p=964"},"modified":"2024-03-13T12:14:34","modified_gmt":"2024-03-13T15:14:34","slug":"se-suma-al-dibu-y-de-paul-otro-campeon-del-mundo-quiere-jugar-los-juegos-olimpicos","status":"publish","type":"post","link":"https:\/\/enlamira.info\/index.php\/2024\/03\/13\/se-suma-al-dibu-y-de-paul-otro-campeon-del-mundo-quiere-jugar-los-juegos-olimpicos\/","title":{"rendered":"Se suma al Dibu y De Paul: otro campe\u00f3n del Mundo quiere jugar los Juegos Ol\u00edmpicos"},"content":{"rendered":"\n<p>El arquero y el mediocampista dejaron en claro que quieren estar en Par\u00eds, pero ahora se sum\u00f3 un tercer jugador de la mayor que quiere estar presente<\/p>\n\n\n\n<p>A poco y nada para el comienzo de los\u00a0Juegos Ol\u00edmpicos de Par\u00eds 2024, la\u00a0Selecci\u00f3n Argentina de Javier Macherano\u00a0se prepara para dar pelea tras alcanzar la clasificaci\u00f3n en el\u00a0Preol\u00edmpico de Venezuela.\u00a0<\/p>\n\n\n\n<p>En este contexto, varios jugadores campeones con la mayor en el\u00a0Mundial de Qatar 2022\u00a0revelaron que les gustar\u00eda disputar las Olimpiadas junto a la Albiceleste.\u00a0Dos casos puntuales son Emiliano Mart\u00ednez y Rodrigo De Paul, aunque se siguen sumando m\u00e1s jugadores.\u00a0<\/p>\n\n\n\n<p>En una charla con el streamer\u00a0Davoo Xeneize,\u00a0Alexis Mac Allister, figura del Liverpool y del combinado de Lionel Scaloni, revel\u00f3 sus intenciones de disputar los Juegos Ol\u00edmpicos:\u00a0\u201cAlg\u00fan d\u00eda me gustar\u00eda vivir al 100% lo que son unos Juegos Ol\u00edmpicos\u00a0porque en ese momento no se pudo\u201d.<\/p>\n\n\n\n<p>\u201cLos Juegos Ol\u00edmpicos fueron una decepci\u00f3n muy grande porque yo pele\u00e9 mucho para estar ah\u00ed. Lamentablemente no nos fue bien y tampoco pudimos disfrutarlos porque fue en \u00e9poca de COVID\u201d, explay\u00f3 el ex Boca sobre su experiencia anterior y cerr\u00f3 el tema.<\/p>\n","protected":false},"excerpt":{"rendered":"<p>El arquero y el mediocampista dejaron en claro que quieren estar en Par\u00eds, pero ahora se sum\u00f3 un tercer jugador de la mayor que quiere estar presente A poco y nada para el comienzo de los\u00a0Juegos Ol\u00edmpicos de Par\u00eds 2024, la\u00a0Selecci\u00f3n Argentina de Javier Macherano\u00a0se prepara para dar pelea tras alcanzar la clasificaci\u00f3n en el\u00a0Preol\u00edmpico [&hellip;]<\/p>\n","protected":false},"author":2,"featured_media":0,"comment_status":"open","ping_status":"open","sticky":false,"template":"","format":"standard","meta":{"footnotes":""},"categories":[14],"tags":[],"_links":{"self":[{"href":"https:\/\/enlamira.info\/index.php\/wp-json\/wp\/v2\/posts\/964"}],"collection":[{"href":"https:\/\/enlamira.info\/index.php\/wp-json\/wp\/v2\/posts"}],"about":[{"href":"https:\/\/enlamira.info\/index.php\/wp-json\/wp\/v2\/types\/post"}],"author":[{"embeddable":true,"href":"https:\/\/enlamira.info\/index.php\/wp-json\/wp\/v2\/users\/2"}],"replies":[{"embeddable":true,"href":"https:\/\/enlamira.info\/index.php\/wp-json\/wp\/v2\/comments?post=964"}],"version-history":[{"count":2,"href":"https:\/\/enlamira.info\/index.php\/wp-json\/wp\/v2\/posts\/964\/revisions"}],"predecessor-version":[{"id":966,"href":"https:\/\/enlamira.info\/index.php\/wp-json\/wp\/v2\/posts\/964\/revisions\/966"}],"wp:attachment":[{"href":"https:\/\/enlamira.info\/index.php\/wp-json\/wp\/v2\/media?parent=964"}],"wp:term":[{"taxonomy":"category","embeddable":true,"href":"https:\/\/enlamira.info\/index.php\/wp-json\/wp\/v2\/categories?post=964"},{"taxonomy":"post_tag","embeddable":true,"href":"https:\/\/enlamira.info\/index.php\/wp-json\/wp\/v2\/tags?post=964"}],"curies":[{"name":"wp","href":"https:\/\/api.w.org\/{rel}","templated":true}]}}