{"id":9636,"date":"2024-08-11T01:27:58","date_gmt":"2024-08-11T04:27:58","guid":{"rendered":"https:\/\/enlamira.info\/?p=9636"},"modified":"2024-08-11T01:50:19","modified_gmt":"2024-08-11T04:50:19","slug":"interna-ucr-adelante-buenos-aires-lanzo-a-miguel-fernandez-como-candidato-a-presidente-del-comite-provincia","status":"publish","type":"post","link":"https:\/\/enlamira.info\/index.php\/2024\/08\/11\/interna-ucr-adelante-buenos-aires-lanzo-a-miguel-fernandez-como-candidato-a-presidente-del-comite-provincia\/","title":{"rendered":"INTERNA UCR: ADELANTE BUENOS AIRES LANZ\u00d3 A MIGUEL FERN\u00c1NDEZ COMO CANDIDATO A PRESIDENTE DEL COMIT\u00c9 PROVINCIA"},"content":{"rendered":"\n<p>En Almirante Brown y con un acto multitudinario, el espacio de Maxi Abad pic\u00f3 en punta de cara a los pr\u00f3ximos comicios  internos del centenario partido bonaerense del 6 de Octubre.<\/p>\n\n\n\n<p>En uno de los bastiones de la poderosa tercera secci\u00f3n electoral y como anfitri\u00f3n a Mario Helfenstein, m\u00e1s de 600 vecinos y dirigentes radicales, se dieron cita en el m\u00edtico comit\u00e9 radical de Adrogu\u00e9, para lanzar la candidatura de Miguel Fern\u00e1ndez como Presidente del comit\u00e9 provincia.<\/p>\n\n\n\n<p>Si bien desde el espacio, hablan de \u201cbuscar consensos y di\u00e1logo\u201d, lo cierto es que desde \u201cAdelante Buenos Aires\u201d, son conscientes del poder\u00edo territorial y supremac\u00eda en \u201cel poroteo\u201d, ya que seg\u00fan los operadores \u201cEvoluci\u00f3n esta devaluado y adem\u00e1s perdi\u00f3 m\u00fasculo con la fuga del sanisidrense Gustavo Posse, quien ya \u201ccerr\u00f3\u201d con el sector de Adelante.<\/p>\n\n\n\n<figure class=\"wp-block-image size-full\"><img loading=\"lazy\" decoding=\"async\" width=\"538\" height=\"584\" src=\"https:\/\/enlamira.info\/wp-content\/uploads\/2024\/08\/454672449_526232059977732_3236457511779082962_n-3.jpg\" alt=\"\" class=\"wp-image-9637\" srcset=\"https:\/\/enlamira.info\/wp-content\/uploads\/2024\/08\/454672449_526232059977732_3236457511779082962_n-3.jpg 538w, https:\/\/enlamira.info\/wp-content\/uploads\/2024\/08\/454672449_526232059977732_3236457511779082962_n-3-276x300.jpg 276w\" sizes=\"(max-width: 538px) 100vw, 538px\" \/><\/figure>\n\n\n\n<p>Desde el espacio aseguran que est\u00e1n charlando con los otros sectores para lograr una lista de unidad, pero se mostraron confiados en que en caso de ir a una interna, ser\u00edan los ganadores. Se apoyan en que en caso de una contienda ser\u00eda contra el sector de Evoluci\u00f3n a quienes ya le ganaron hace cuatro a\u00f1os y que adem\u00e1s en este caso no cuentan con el apoyo de Gustavo Posse, qui\u00e9n lleg\u00f3 a un acuerdo con Adelante Buenos Aires &#8220;La candidatura de Fern\u00e1ndez fue apoyada en el acto a trav\u00e9s de una adhesi\u00f3n por 22 de los 27 intendentes radicales de la provincia&#8221; sostiene una fuente.<\/p>\n\n\n\n<figure class=\"wp-block-image size-large\"><img loading=\"lazy\" decoding=\"async\" width=\"768\" height=\"1024\" src=\"https:\/\/enlamira.info\/wp-content\/uploads\/2024\/08\/455021968_10229963064073557_6196316525702373271_n-768x1024.jpg\" alt=\"\" class=\"wp-image-9638\" srcset=\"https:\/\/enlamira.info\/wp-content\/uploads\/2024\/08\/455021968_10229963064073557_6196316525702373271_n-768x1024.jpg 768w, https:\/\/enlamira.info\/wp-content\/uploads\/2024\/08\/455021968_10229963064073557_6196316525702373271_n-225x300.jpg 225w, https:\/\/enlamira.info\/wp-content\/uploads\/2024\/08\/455021968_10229963064073557_6196316525702373271_n.jpg 960w\" sizes=\"(max-width: 768px) 100vw, 768px\" \/><\/figure>\n\n\n\n<p>El encuentro conto con la presencia de los diputados nacionales Karina Banfi y Fabio Quetglas y siete legisladores provinciales entre senadores y diputados. Estuvieron presentes tambi\u00e9n, los intendentes Lisandro Hourcade de Magdalena y Erica Revilla de General Arenales y el ex Vicegobernador Daniel Salvador y el ex Intendente de Trenque Lauquen, Miguel Fern\u00e1ndez, el concejal de Avellaneda Ruben Sanazi, entre otros invitados.<\/p>\n\n\n\n<figure class=\"wp-block-image size-large\"><img loading=\"lazy\" decoding=\"async\" width=\"1024\" height=\"771\" src=\"https:\/\/enlamira.info\/wp-content\/uploads\/2024\/08\/455028903_10233207269991606_9018574228800454602_n-1-1024x771.jpg\" alt=\"\" class=\"wp-image-9639\" srcset=\"https:\/\/enlamira.info\/wp-content\/uploads\/2024\/08\/455028903_10233207269991606_9018574228800454602_n-1-1024x771.jpg 1024w, https:\/\/enlamira.info\/wp-content\/uploads\/2024\/08\/455028903_10233207269991606_9018574228800454602_n-1-300x226.jpg 300w, https:\/\/enlamira.info\/wp-content\/uploads\/2024\/08\/455028903_10233207269991606_9018574228800454602_n-1-768x578.jpg 768w, https:\/\/enlamira.info\/wp-content\/uploads\/2024\/08\/455028903_10233207269991606_9018574228800454602_n-1.jpg 1080w\" sizes=\"(max-width: 1024px) 100vw, 1024px\" \/><\/figure>\n\n\n\n<p>El cierre del evento estuvo a cargo del Senador Nacional Maximiliano Abad que lanzo la candidatura de Miguel Fernandez para presidir el Comit\u00e9 de la UCR provincial con la aspiraci\u00f3n de lograr el consenso de todos los sectores partidarios a la postulaci\u00f3n para las elecciones internas convocadas para el 6 de octubre en la cual se renovaran las actuales autoridades.<\/p>\n\n\n\n<figure class=\"wp-block-image size-large\"><img loading=\"lazy\" decoding=\"async\" width=\"1024\" height=\"682\" src=\"https:\/\/enlamira.info\/wp-content\/uploads\/2024\/08\/454756047_18429678742065981_7953469898361976023_n-1-1024x682.jpg\" alt=\"\" class=\"wp-image-9640\" srcset=\"https:\/\/enlamira.info\/wp-content\/uploads\/2024\/08\/454756047_18429678742065981_7953469898361976023_n-1-1024x682.jpg 1024w, https:\/\/enlamira.info\/wp-content\/uploads\/2024\/08\/454756047_18429678742065981_7953469898361976023_n-1-300x200.jpg 300w, https:\/\/enlamira.info\/wp-content\/uploads\/2024\/08\/454756047_18429678742065981_7953469898361976023_n-1-768x512.jpg 768w, https:\/\/enlamira.info\/wp-content\/uploads\/2024\/08\/454756047_18429678742065981_7953469898361976023_n-1.jpg 1066w\" sizes=\"(max-width: 1024px) 100vw, 1024px\" \/><\/figure>\n\n\n\n<p>El Senador Nacional planteo la necesidad del radicalismo de \u201cconstruir un espacio de centro, lejos de los extremos que hoy representan el Mileismo y el Kichnerismo\u201d.<\/p>\n\n\n\n<figure class=\"wp-block-image size-large\"><img loading=\"lazy\" decoding=\"async\" width=\"768\" height=\"1024\" src=\"https:\/\/enlamira.info\/wp-content\/uploads\/2024\/08\/3653297b-c377-4245-8bf9-ec9b00a3963f-1-768x1024.jpg\" alt=\"\" class=\"wp-image-9646\" srcset=\"https:\/\/enlamira.info\/wp-content\/uploads\/2024\/08\/3653297b-c377-4245-8bf9-ec9b00a3963f-1-768x1024.jpg 768w, https:\/\/enlamira.info\/wp-content\/uploads\/2024\/08\/3653297b-c377-4245-8bf9-ec9b00a3963f-1-225x300.jpg 225w, https:\/\/enlamira.info\/wp-content\/uploads\/2024\/08\/3653297b-c377-4245-8bf9-ec9b00a3963f-1.jpg 1080w\" sizes=\"(max-width: 768px) 100vw, 768px\" \/><\/figure>\n\n\n\n<p>La reuni\u00f3n fue organizada por los referentes radicales de la Tercera, entre ellos, Mario Helfenstein, Jorge Nadaff, Marcelo Pellegrini, Fernando Landaburu y Carlos Bonino. <\/p>\n","protected":false},"excerpt":{"rendered":"<p>En Almirante Brown y con un acto multitudinario, el espacio de Maxi Abad pic\u00f3 en punta de cara a los pr\u00f3ximos comicios internos del centenario partido bonaerense del 6 de Octubre. En uno de los bastiones de la poderosa tercera secci\u00f3n electoral y como anfitri\u00f3n a Mario Helfenstein, m\u00e1s de 600 vecinos y dirigentes radicales, [&hellip;]<\/p>\n","protected":false},"author":2,"featured_media":9649,"comment_status":"open","ping_status":"open","sticky":false,"template":"","format":"standard","meta":{"footnotes":""},"categories":[1,20,5],"tags":[340,329,339,330],"_links":{"self":[{"href":"https:\/\/enlamira.info\/index.php\/wp-json\/wp\/v2\/posts\/9636"}],"collection":[{"href":"https:\/\/enlamira.info\/index.php\/wp-json\/wp\/v2\/posts"}],"about":[{"href":"https:\/\/enlamira.info\/index.php\/wp-json\/wp\/v2\/types\/post"}],"author":[{"embeddable":true,"href":"https:\/\/enlamira.info\/index.php\/wp-json\/wp\/v2\/users\/2"}],"replies":[{"embeddable":true,"href":"https:\/\/enlamira.info\/index.php\/wp-json\/wp\/v2\/comments?post=9636"}],"version-history":[{"count":6,"href":"https:\/\/enlamira.info\/index.php\/wp-json\/wp\/v2\/posts\/9636\/revisions"}],"predecessor-version":[{"id":9648,"href":"https:\/\/enlamira.info\/index.php\/wp-json\/wp\/v2\/posts\/9636\/revisions\/9648"}],"wp:featuredmedia":[{"embeddable":true,"href":"https:\/\/enlamira.info\/index.php\/wp-json\/wp\/v2\/media\/9649"}],"wp:attachment":[{"href":"https:\/\/enlamira.info\/index.php\/wp-json\/wp\/v2\/media?parent=9636"}],"wp:term":[{"taxonomy":"category","embeddable":true,"href":"https:\/\/enlamira.info\/index.php\/wp-json\/wp\/v2\/categories?post=9636"},{"taxonomy":"post_tag","embeddable":true,"href":"https:\/\/enlamira.info\/index.php\/wp-json\/wp\/v2\/tags?post=9636"}],"curies":[{"name":"wp","href":"https:\/\/api.w.org\/{rel}","templated":true}]}}