{"id":9604,"date":"2024-08-10T15:14:14","date_gmt":"2024-08-10T18:14:14","guid":{"rendered":"https:\/\/enlamira.info\/?p=9604"},"modified":"2024-08-10T15:22:49","modified_gmt":"2024-08-10T18:22:49","slug":"el-fuerte-reclamo-de-lemoine-a-villarruel-por-su-silencio-tras-la-visita-a-represores-por-que-carajo-no-salto","status":"publish","type":"post","link":"https:\/\/enlamira.info\/index.php\/2024\/08\/10\/el-fuerte-reclamo-de-lemoine-a-villarruel-por-su-silencio-tras-la-visita-a-represores-por-que-carajo-no-salto\/","title":{"rendered":"El fuerte reclamo de Lemoine a Villarruel por su silencio tras la visita a represores: \u201c\u00a1Por qu\u00e9 carajo no salt\u00f3!\u201d"},"content":{"rendered":"\n<p>La diputada de La Libertad Avanza critic\u00f3 duramente a la vicepresidenta por no pronunciarse tras la visita de legisladores a represores en la c\u00e1rcel de Ezeiza.<\/p>\n\n\n\n<p>En un contexto de creciente tensi\u00f3n dentro de La Libertad Avanza, la diputada nacional\u00a0Lilia\u00a0Lemoine\u00a0lanz\u00f3 fuertes cr\u00edticas hacia la vicepresidenta\u00a0Victoria\u00a0Villarruel\u00a0por su silencio tras la pol\u00e9mica visita de seis legisladores del bloque libertario a la c\u00e1rcel de Ezeiza, donde se reunieron con represores condenados por delitos de lesa humanidad, entre ellos Alfredo Astiz.<\/p>\n\n\n\n<p>\u201cLo voy a decir. Me rompe soberanamente las bolas. \u00a1Por qu\u00e9 carajo Victoria Villarruel no salt\u00f3!\u201d, expres\u00f3\u00a0Lemoine\u00a0en su programa de radio, dejando clara su indignaci\u00f3n por la falta de respuesta de Villarruel. La diputada, conocida por su rol como una de las\u00a0principales\u00a0voceras de\u00a0Javier Milei, se diferenci\u00f3 de sus compa\u00f1eros que participaron en la controvertida visita, subrayando que ella \u201cni en pedo\u201d hubiera acudido a ver a Astiz.<\/p>\n\n\n\n<p>Lemoine se\u00f1al\u00f3 que el mutismo de la vicemandataria es especialmente sorprendente dado su historial de defensa de militares condenados y su campa\u00f1a centrada en la reparaci\u00f3n para las v\u00edctimas de las organizaciones armadas de los a\u00f1os \u201970. \u201cUn grupo de diputados que le responden a Victoria Villarruel fueron a visitar a Astiz, y qu\u00e9 dice Victoria al respecto\u2026 \u00bfDijo algo? Porque yo no la vi pronunciarse\u201d, a\u00f1adi\u00f3 con evidente frustraci\u00f3n.<\/p>\n\n\n\n<p>En el programa,\u00a0Lemoine\u00a0tambi\u00e9n record\u00f3 un incidente ocurrido en septiembre de 2023, cuando fue rociada con nafta en un acto organizado por Villarruel. \u201cYo esperaba una explicaci\u00f3n de Victoria. A m\u00ed durante la campa\u00f1a me rociaron con nafta\u2026 y yo esperaba que Victoria me dijera, \u2018che, \u00bfest\u00e1s bien? \u00bfPas\u00f3 algo?\u2019 Y nada, ni una palabra\u201d, record\u00f3 la diputada, evidenciando una aparente falta de apoyo de la vicepresidenta en momentos cr\u00edticos.<\/p>\n\n\n\n<p>Las cr\u00edticas de Lemoine reflejan un malestar interno dentro del espacio libertario, donde las diferencias en torno a temas sensibles como los derechos humanos y las pol\u00edticas de memoria hist\u00f3rica parecen estar profundizando las divisiones. En las \u00faltimas horas, allegados a Villarruel se\u00f1alaron que la vicepresidenta no estaba al tanto de la visita a los represores y que se enteraron del hecho por los medios de comunicaci\u00f3n.<\/p>\n","protected":false},"excerpt":{"rendered":"<p>La diputada de La Libertad Avanza critic\u00f3 duramente a la vicepresidenta por no pronunciarse tras la visita de legisladores a represores en la c\u00e1rcel de Ezeiza. En un contexto de creciente tensi\u00f3n dentro de La Libertad Avanza, la diputada nacional\u00a0Lilia\u00a0Lemoine\u00a0lanz\u00f3 fuertes cr\u00edticas hacia la vicepresidenta\u00a0Victoria\u00a0Villarruel\u00a0por su silencio tras la pol\u00e9mica visita de seis legisladores del [&hellip;]<\/p>\n","protected":false},"author":2,"featured_media":9607,"comment_status":"open","ping_status":"open","sticky":false,"template":"","format":"standard","meta":{"footnotes":""},"categories":[20],"tags":[],"_links":{"self":[{"href":"https:\/\/enlamira.info\/index.php\/wp-json\/wp\/v2\/posts\/9604"}],"collection":[{"href":"https:\/\/enlamira.info\/index.php\/wp-json\/wp\/v2\/posts"}],"about":[{"href":"https:\/\/enlamira.info\/index.php\/wp-json\/wp\/v2\/types\/post"}],"author":[{"embeddable":true,"href":"https:\/\/enlamira.info\/index.php\/wp-json\/wp\/v2\/users\/2"}],"replies":[{"embeddable":true,"href":"https:\/\/enlamira.info\/index.php\/wp-json\/wp\/v2\/comments?post=9604"}],"version-history":[{"count":1,"href":"https:\/\/enlamira.info\/index.php\/wp-json\/wp\/v2\/posts\/9604\/revisions"}],"predecessor-version":[{"id":9605,"href":"https:\/\/enlamira.info\/index.php\/wp-json\/wp\/v2\/posts\/9604\/revisions\/9605"}],"wp:featuredmedia":[{"embeddable":true,"href":"https:\/\/enlamira.info\/index.php\/wp-json\/wp\/v2\/media\/9607"}],"wp:attachment":[{"href":"https:\/\/enlamira.info\/index.php\/wp-json\/wp\/v2\/media?parent=9604"}],"wp:term":[{"taxonomy":"category","embeddable":true,"href":"https:\/\/enlamira.info\/index.php\/wp-json\/wp\/v2\/categories?post=9604"},{"taxonomy":"post_tag","embeddable":true,"href":"https:\/\/enlamira.info\/index.php\/wp-json\/wp\/v2\/tags?post=9604"}],"curies":[{"name":"wp","href":"https:\/\/api.w.org\/{rel}","templated":true}]}}