{"id":942,"date":"2024-03-13T11:21:07","date_gmt":"2024-03-13T14:21:07","guid":{"rendered":"https:\/\/enlamira.info\/?p=942"},"modified":"2024-03-13T12:17:08","modified_gmt":"2024-03-13T15:17:08","slug":"la-frase-de-banega-por-la-que-rapallini-lo-expulso-y-la-durisima-sancion-que-podria-recibir","status":"publish","type":"post","link":"https:\/\/enlamira.info\/index.php\/2024\/03\/13\/la-frase-de-banega-por-la-que-rapallini-lo-expulso-y-la-durisima-sancion-que-podria-recibir\/","title":{"rendered":"La frase de Banega por la que Rapallini lo expuls\u00f3 y la dur\u00edsima sanci\u00f3n que podr\u00eda recibir"},"content":{"rendered":"\n<p>El \u00e1rbitro lo ech\u00f3 por exceso verbal. Es la segunda roja en menos de dos meses para \u00c9ver.<\/p>\n\n\n\n<p>El pasado fin de semana \u00c9ver Banega fue expulsado por segunda vez en el campeonato\u00a0desde su regreso a Newell\u2019s, \u00bfcu\u00e1l fue el motivo?<\/p>\n\n\n\n<p>Al minuto 25\u2019, Godoy Cruz se puso en ventaja en el marcador en Mendoza. Y un minuto m\u00e1s tarde,&nbsp;<em>La Lepra<\/em>&nbsp;se qued\u00f3 con un hombre menos en el campo de juego y su mejor jugador.<\/p>\n\n\n\n<p>Fernando Rapallini hizo el gesto muy claro\u00a0\u201cpor hablar\u201d.\u00a0El \u00e1rbitro lo ech\u00f3 por\u00a0exceso verbal,\u00a0pero\u00a0nadie logr\u00f3 descifrar qu\u00e9 le dijo el futbolista.<\/p>\n\n\n\n<figure class=\"wp-block-embed is-type-rich is-provider-twitter wp-block-embed-twitter\"><div class=\"wp-block-embed__wrapper\">\n<blockquote class=\"twitter-tweet\" data-width=\"550\" data-dnt=\"true\"><p lang=\"es\" dir=\"ltr\">BANEGA SE FUE EXPULSADO POR EXCESO VERBAL \ud83d\udfe5 Rapallini le mostr\u00f3 la roja al volante de Newell&#39;s luego del gol de Godoy Cruz <a href=\"https:\/\/twitter.com\/hashtag\/LPFxTNTSports?src=hash&amp;ref_src=twsrc%5Etfw\">#LPFxTNTSports<\/a> <a href=\"https:\/\/t.co\/QHPxgWq8sp\">pic.twitter.com\/QHPxgWq8sp<\/a><\/p>&mdash; TNT Sports Argentina (@TNTSportsAR) <a href=\"https:\/\/twitter.com\/TNTSportsAR\/status\/1766950921563521183?ref_src=twsrc%5Etfw\">March 10, 2024<\/a><\/blockquote><script async src=\"https:\/\/platform.twitter.com\/widgets.js\" charset=\"utf-8\"><\/script>\n<\/div><\/figure>\n\n\n\n<p>El dato curioso: en el 2023 Rapallini fue a dirigir a Arabia Saudita y le mostr\u00f3 la roja a Banega en el encuentro entre\u00a0Al-Shabab\u00a0y Al-Ettifaq.<\/p>\n\n\n\n<h3 class=\"wp-block-heading\">\u00bfQu\u00e9 fue lo que dijo Banega?<\/h3>\n\n\n\n<p>Gracias al informe de Rapallini al final del partido se pudo saber\u00a0cu\u00e1l fue el agravio de \u00c9ver:\u00a0\u201cUstedes son todos unos chorros, igual que los del VAR\u201d.<\/p>\n\n\n\n<h3 class=\"wp-block-heading\">La sanci\u00f3n que se le viene a Banega<\/h3>\n\n\n\n<p>En principio, cuando la reincidencia es dentro de un plazo menor a dos meses, al futbolista le caben dos fechas de castigo.\u00a0Banega ya hab\u00eda sido expulsado en la fecha seis\u00a0ante Estudiantes de La Plata y como consecuencia\u00a0se perdi\u00f3 el\u00a0cl\u00e1sico ante Rosario Central.<\/p>\n\n\n\n<p>Sin embargo, habr\u00e1 que esperar al descargo de Rapallini ante el Tribunal de Disciplina de la Asociaci\u00f3n del F\u00fatbol Argentino (AFA).\u00a0La sanci\u00f3n puede subir de tres a 12 fechas.<\/p>\n","protected":false},"excerpt":{"rendered":"<p>El \u00e1rbitro lo ech\u00f3 por exceso verbal. Es la segunda roja en menos de dos meses para \u00c9ver. El pasado fin de semana \u00c9ver Banega fue expulsado por segunda vez en el campeonato\u00a0desde su regreso a Newell\u2019s, \u00bfcu\u00e1l fue el motivo? Al minuto 25\u2019, Godoy Cruz se puso en ventaja en el marcador en Mendoza. [&hellip;]<\/p>\n","protected":false},"author":2,"featured_media":945,"comment_status":"open","ping_status":"open","sticky":false,"template":"","format":"standard","meta":{"footnotes":""},"categories":[14],"tags":[],"_links":{"self":[{"href":"https:\/\/enlamira.info\/index.php\/wp-json\/wp\/v2\/posts\/942"}],"collection":[{"href":"https:\/\/enlamira.info\/index.php\/wp-json\/wp\/v2\/posts"}],"about":[{"href":"https:\/\/enlamira.info\/index.php\/wp-json\/wp\/v2\/types\/post"}],"author":[{"embeddable":true,"href":"https:\/\/enlamira.info\/index.php\/wp-json\/wp\/v2\/users\/2"}],"replies":[{"embeddable":true,"href":"https:\/\/enlamira.info\/index.php\/wp-json\/wp\/v2\/comments?post=942"}],"version-history":[{"count":1,"href":"https:\/\/enlamira.info\/index.php\/wp-json\/wp\/v2\/posts\/942\/revisions"}],"predecessor-version":[{"id":943,"href":"https:\/\/enlamira.info\/index.php\/wp-json\/wp\/v2\/posts\/942\/revisions\/943"}],"wp:featuredmedia":[{"embeddable":true,"href":"https:\/\/enlamira.info\/index.php\/wp-json\/wp\/v2\/media\/945"}],"wp:attachment":[{"href":"https:\/\/enlamira.info\/index.php\/wp-json\/wp\/v2\/media?parent=942"}],"wp:term":[{"taxonomy":"category","embeddable":true,"href":"https:\/\/enlamira.info\/index.php\/wp-json\/wp\/v2\/categories?post=942"},{"taxonomy":"post_tag","embeddable":true,"href":"https:\/\/enlamira.info\/index.php\/wp-json\/wp\/v2\/tags?post=942"}],"curies":[{"name":"wp","href":"https:\/\/api.w.org\/{rel}","templated":true}]}}