{"id":937,"date":"2024-03-13T11:18:58","date_gmt":"2024-03-13T14:18:58","guid":{"rendered":"https:\/\/enlamira.info\/?p=937"},"modified":"2024-03-13T12:17:15","modified_gmt":"2024-03-13T15:17:15","slug":"ricardo-bochini-su-fanatismo-por-san-lorenzo-y-su-vision-sobre-tevez","status":"publish","type":"post","link":"https:\/\/enlamira.info\/index.php\/2024\/03\/13\/ricardo-bochini-su-fanatismo-por-san-lorenzo-y-su-vision-sobre-tevez\/","title":{"rendered":"Ricardo Bochini: su fanatismo por San Lorenzo y su visi\u00f3n sobre Tevez"},"content":{"rendered":"\n<p>El \u00eddolo del Rojo opin\u00f3 de la actualidad del equipo de Carlitos. Tambi\u00e9n record\u00f3 su fallida prueba en el Cicl\u00f3n.<\/p>\n\n\n\n<p>Ricardo Bochini\u00a0estuvo como invitado en el canal\u00a0<em>ESPN<\/em>\u00a0despu\u00e9s de que d\u00edas atr\u00e1s haya sido noticia por un\u00a0accidente automovil\u00edstico,\u00a0en el cual afortunadamente solo se lamentaron da\u00f1os materiales para\u00a0<em>el Bocha.\u00a0<\/em><\/p>\n\n\n\n<p>El \u00eddolo de Independiente habl\u00f3 del pasado y del futuro. Si bien era sabido su\u00a0fanatismo por San Lorenzo\u00a0en su ni\u00f1ez, cont\u00f3 detalles de una prueba fallida en el Cicl\u00f3n. Tambi\u00e9n habl\u00f3 de una de las\u00a0m\u00e1ximas promesas de inferiores del club\u00a0y del f\u00fatbol argentino.<\/p>\n\n\n\n<h3 class=\"wp-block-heading\"><em>El Bocha<\/em>\u00a0sobre la vuelta del\u00a0<em>Kun<\/em>\u00a0Ag\u00fcero<\/h3>\n\n\n\n<figure class=\"wp-block-embed is-type-rich is-provider-twitter wp-block-embed-twitter\"><div class=\"wp-block-embed__wrapper\">\n<blockquote class=\"twitter-tweet\" data-width=\"550\" data-dnt=\"true\"><p lang=\"es\" dir=\"ltr\">&quot;SI, ME GUSTAR\u00cdA QUE VUELVA A JUGAR&quot;, en <a href=\"https:\/\/twitter.com\/hashtag\/ESPNF90?src=hash&amp;ref_src=twsrc%5Etfw\">#ESPNF90<\/a>, Ricardo Bochini expres\u00f3 su deseo de que el Kun Ag\u00fcero termine su carrera en Independiente. <a href=\"https:\/\/t.co\/501QMuDIpz\">pic.twitter.com\/501QMuDIpz<\/a><\/p>&mdash; SportsCenter (@SC_ESPN) <a href=\"https:\/\/twitter.com\/SC_ESPN\/status\/1767589350596825353?ref_src=twsrc%5Etfw\">March 12, 2024<\/a><\/blockquote><script async src=\"https:\/\/platform.twitter.com\/widgets.js\" charset=\"utf-8\"><\/script>\n<\/div><\/figure>\n\n\n\n<p>\u201cDe chiquito era hincha de San Lorenzo.\u00a0Cuando empec\u00e9 a jugar en Primera ya me olvid\u00e9\u201d, confes\u00f3 Bochini.<\/p>\n\n\n\n<p>\u00bfY si Bochini hubiese jugado en el\u00a0<em>Cuervo<\/em>?\u00a0\u201cFui a probarme en San Lorenzo,\u00a0porque mi viejo era hincha y un amigo suyo de Z\u00e1rate hab\u00eda jugado en Primera, pero\u00a0no llegu\u00e9 a tiempo en un entrenamiento.\u00a0Fui a Avenida La Plata porque pens\u00e9 que era ah\u00ed y era en Bajo Flores. Llegu\u00e9 a horario, pero el entrenamiento era en otro lado\u201d.<\/p>\n\n\n\n<p>El juvenil Tom\u00e1s Parmo.\u00a0\u201cEn Independiente hay un chico Parmo que lo vi jugar en las Inferiores. Es muy bueno. Ese chico tiene que tener algunos minutos.\u00a0Me gustar\u00eda verlo. Lo v\u00ed en Inferiores e hizo muchos goles\u201d.<\/p>\n\n\n\n<p>La mirada sobre el ciclo de\u00a0Carlos Tevez.\u00a0\u201cEl club est\u00e1 mejorando bastante y\u00a0el equipo le est\u00e1 jugando de igual a igual a todos\u00a0que esto no pasaba hace muchos a\u00f1os atr\u00e1s.\u00a0Me gusta Tevez. Est\u00e1 queriendo darle la mentalidad a Independiente de que es un club grande y eso no lo ten\u00eda hace mucho y es important\u00edsimo.\u00a0Independiente hab\u00eda perdido el autoestima. La gente iba a ver a Independiente y pensaba que iban a perder y ahora no\u201d.<\/p>\n","protected":false},"excerpt":{"rendered":"<p>El \u00eddolo del Rojo opin\u00f3 de la actualidad del equipo de Carlitos. Tambi\u00e9n record\u00f3 su fallida prueba en el Cicl\u00f3n. Ricardo Bochini\u00a0estuvo como invitado en el canal\u00a0ESPN\u00a0despu\u00e9s de que d\u00edas atr\u00e1s haya sido noticia por un\u00a0accidente automovil\u00edstico,\u00a0en el cual afortunadamente solo se lamentaron da\u00f1os materiales para\u00a0el Bocha.\u00a0 El \u00eddolo de Independiente habl\u00f3 del pasado y [&hellip;]<\/p>\n","protected":false},"author":2,"featured_media":939,"comment_status":"open","ping_status":"open","sticky":false,"template":"","format":"standard","meta":{"footnotes":""},"categories":[14],"tags":[],"_links":{"self":[{"href":"https:\/\/enlamira.info\/index.php\/wp-json\/wp\/v2\/posts\/937"}],"collection":[{"href":"https:\/\/enlamira.info\/index.php\/wp-json\/wp\/v2\/posts"}],"about":[{"href":"https:\/\/enlamira.info\/index.php\/wp-json\/wp\/v2\/types\/post"}],"author":[{"embeddable":true,"href":"https:\/\/enlamira.info\/index.php\/wp-json\/wp\/v2\/users\/2"}],"replies":[{"embeddable":true,"href":"https:\/\/enlamira.info\/index.php\/wp-json\/wp\/v2\/comments?post=937"}],"version-history":[{"count":2,"href":"https:\/\/enlamira.info\/index.php\/wp-json\/wp\/v2\/posts\/937\/revisions"}],"predecessor-version":[{"id":941,"href":"https:\/\/enlamira.info\/index.php\/wp-json\/wp\/v2\/posts\/937\/revisions\/941"}],"wp:featuredmedia":[{"embeddable":true,"href":"https:\/\/enlamira.info\/index.php\/wp-json\/wp\/v2\/media\/939"}],"wp:attachment":[{"href":"https:\/\/enlamira.info\/index.php\/wp-json\/wp\/v2\/media?parent=937"}],"wp:term":[{"taxonomy":"category","embeddable":true,"href":"https:\/\/enlamira.info\/index.php\/wp-json\/wp\/v2\/categories?post=937"},{"taxonomy":"post_tag","embeddable":true,"href":"https:\/\/enlamira.info\/index.php\/wp-json\/wp\/v2\/tags?post=937"}],"curies":[{"name":"wp","href":"https:\/\/api.w.org\/{rel}","templated":true}]}}