{"id":9132,"date":"2024-08-01T18:44:05","date_gmt":"2024-08-01T21:44:05","guid":{"rendered":"https:\/\/enlamira.info\/?p=9132"},"modified":"2024-08-02T02:00:10","modified_gmt":"2024-08-02T05:00:10","slug":"el-oficialismo-envio-al-senado-el-dnu-que-sube-en-100-mil-millones-el-presupuesto-de-la-side","status":"publish","type":"post","link":"https:\/\/enlamira.info\/index.php\/2024\/08\/01\/el-oficialismo-envio-al-senado-el-dnu-que-sube-en-100-mil-millones-el-presupuesto-de-la-side\/","title":{"rendered":"El oficialismo envi\u00f3 al Senado el DNU que sube en $100 mil millones el presupuesto de la SIDE"},"content":{"rendered":"\n<p>La reestructuraci\u00f3n de la nueva \u00e1rea de inteligencia que hizo la gesti\u00f3n de Javier Milei, incluye un aumento significativo en el presupuesto anual y la reasignaci\u00f3n de partidas, a pesar del ajuste al Estado que pregona el Presidente.<\/p>\n\n\n\n<p>Una nueva pol\u00e9mica llega al Senado de la mano de otro\u00a0Decreto de Necesidad y Urgencia\u00a0(DNU) firmado por el presidente\u00a0Javier Milei,\u00a0esta vez que incrementa el presupuesto de la nueva\u00a0Secretaria de Inteligencia del Estado\u00a0(SIDE) en\u00a0100 mil millones de pesos.<\/p>\n\n\n\n<p>Se trata del documento n\u00famero\u00a0656\/24\u00a0que lleg\u00f3 en el mediod\u00eda de este jueves al\u00a0Congreso, para ser tratado por la C\u00e1mara alta y con el que el oficialismo busca la ratificaci\u00f3n parlamentaria a partir del debate que se abrir\u00e1 en la\u00a0Comisi\u00f3n Bicameral de Tr\u00e1mite Legislativo, a pesar de las posturas en contra que expresaron los l\u00edderes de varios bloques pol\u00edticos.<\/p>\n\n\n\n<p>La pol\u00e9mica inici\u00f3 con la reestructuraci\u00f3n del servicio nacional de inteligencia, ya que la gesti\u00f3n libertaria, sobre todo la secretaria de Presidencia,\u00a0Karina Milei\u00a0y su asesor estrella,\u00a0Santiago Caputo, que decidieron remplazar a la\u00a0Agencia Federal de Inteligencia\u00a0(AFI) creada por\u00a0Cristina Kirchner,\u00a0durante su \u00faltimo mandato, por una SIDE que responda directamente al entorno de Milei.<\/p>\n\n\n\n<p>Adem\u00e1s se crearon otras tres \u00e1reas que pasaran a estar bajo la \u00f3rbita de Karina Milei, el\u00a0Servicio de Inteligencia Argentino\u00a0(SIA), la\u00a0Agencia de Seguridad Nacional, la\u00a0Agencia Nacional de Ciberseguridad\u00a0y la Divisi\u00f3n de\u00a0Asuntos Internos,\u00a0como organismos descentralizados.<\/p>\n\n\n\n<p>Para ello, Milei firm\u00f3 un DNU que sostiene que \u201cresulta necesario asignar las partidas presupuestarias que permitan solventar, inicialmente, las acciones para la\u00a0reorganizaci\u00f3n del Sistema de Inteligencia Nacional\u00a0y el adecuado funcionamiento de los referidos organismos desconcentrados que lo integran\u201d.<\/p>\n\n\n\n<p>\u201cQue tales fondos tendr\u00e1n como principal destino el Sistema de Inteligencia Nacional para\u00a0garantizar la seguridad, defensa e integridad de la Rep\u00fablica Argentina\u201d, se\u00f1ala el documento emitido por la\u00a0Casa Rosada\u00a0y que deber\u00e1 obtener el aval del Congreso.<\/p>\n\n\n\n<p><\/p>\n","protected":false},"excerpt":{"rendered":"<p>La reestructuraci\u00f3n de la nueva \u00e1rea de inteligencia que hizo la gesti\u00f3n de Javier Milei, incluye un aumento significativo en el presupuesto anual y la reasignaci\u00f3n de partidas, a pesar del ajuste al Estado que pregona el Presidente. Una nueva pol\u00e9mica llega al Senado de la mano de otro\u00a0Decreto de Necesidad y Urgencia\u00a0(DNU) firmado por [&hellip;]<\/p>\n","protected":false},"author":2,"featured_media":9134,"comment_status":"open","ping_status":"open","sticky":false,"template":"","format":"standard","meta":{"footnotes":""},"categories":[20],"tags":[],"_links":{"self":[{"href":"https:\/\/enlamira.info\/index.php\/wp-json\/wp\/v2\/posts\/9132"}],"collection":[{"href":"https:\/\/enlamira.info\/index.php\/wp-json\/wp\/v2\/posts"}],"about":[{"href":"https:\/\/enlamira.info\/index.php\/wp-json\/wp\/v2\/types\/post"}],"author":[{"embeddable":true,"href":"https:\/\/enlamira.info\/index.php\/wp-json\/wp\/v2\/users\/2"}],"replies":[{"embeddable":true,"href":"https:\/\/enlamira.info\/index.php\/wp-json\/wp\/v2\/comments?post=9132"}],"version-history":[{"count":1,"href":"https:\/\/enlamira.info\/index.php\/wp-json\/wp\/v2\/posts\/9132\/revisions"}],"predecessor-version":[{"id":9133,"href":"https:\/\/enlamira.info\/index.php\/wp-json\/wp\/v2\/posts\/9132\/revisions\/9133"}],"wp:featuredmedia":[{"embeddable":true,"href":"https:\/\/enlamira.info\/index.php\/wp-json\/wp\/v2\/media\/9134"}],"wp:attachment":[{"href":"https:\/\/enlamira.info\/index.php\/wp-json\/wp\/v2\/media?parent=9132"}],"wp:term":[{"taxonomy":"category","embeddable":true,"href":"https:\/\/enlamira.info\/index.php\/wp-json\/wp\/v2\/categories?post=9132"},{"taxonomy":"post_tag","embeddable":true,"href":"https:\/\/enlamira.info\/index.php\/wp-json\/wp\/v2\/tags?post=9132"}],"curies":[{"name":"wp","href":"https:\/\/api.w.org\/{rel}","templated":true}]}}