{"id":9123,"date":"2024-08-01T18:38:51","date_gmt":"2024-08-01T21:38:51","guid":{"rendered":"https:\/\/enlamira.info\/?p=9123"},"modified":"2024-08-02T02:12:32","modified_gmt":"2024-08-02T05:12:32","slug":"la-despedida-de-rafa-nadal-se-ha-terminado-una-etapa","status":"publish","type":"post","link":"https:\/\/enlamira.info\/index.php\/2024\/08\/01\/la-despedida-de-rafa-nadal-se-ha-terminado-una-etapa\/","title":{"rendered":"La despedida de Rafa Nadal: \u201cSe ha terminado una etapa\u201d"},"content":{"rendered":"\n<p>El espa\u00f1ol fue eliminado de los Juegos Ol\u00edmpicos en singles y en dobles, donde hac\u00eda dupla con Carlos Alcaraz.<\/p>\n\n\n\n<p>El final se acerca. Rafael Nadal lo sabe y lo alerta. El tenista balear se despidi\u00f3 este mi\u00e9rcoles de los Juegos Ol\u00edmpicos de Par\u00eds 2024 al quedar eliminado del dobles masculino con su pareja, Carlos Alcaraz.\u00a0<\/p>\n\n\n\n<p>Posiblemente haya sido la \u00faltima vez de Nadal en la Philippe Chatrier de Roland Garros. \u201cSe ha terminado una etapa.\u00a0Dije que iba a jugar hasta los Juegos y hoy se acaba. Necesito volver a casa y analizar en fr\u00edo lo que voy a hacer y las ganas que tengo. Cuando sepa la decisi\u00f3n os la har\u00e9 saber\u201d, dijo el m\u00faltiple campe\u00f3n de Roland Garros.<\/p>\n\n\n\n<p>Rafa y Alcaraz perdieron ante la dupla estadounidense Rajeev Ram\/Austin Krajicek por 6-2 y 6-4. \u201cYo no he estado al nivel que necesitaba para luchar por medallas a nivel individual y en el dobles est\u00e1bamos jugando a muy buen nivel pero hoy no hemos estado acertados. Como he venido diciendo cada d\u00eda, en el dobles los partidos pasan muy r\u00e1pido y cualquier detalle te marca todo. Hoy no hemos empezado bien y no hemos sido capaces de llevar el partido al l\u00edmite\u201d, coment\u00f3 post partido.<\/p>\n\n\n\n<p>El Rey del polvo de ladrillo ya hab\u00eda\u00a0ca\u00eddo en singles ante Novak Djokovic en segunda ronda.\u00a0<\/p>\n\n\n\n<figure class=\"wp-block-embed is-type-rich is-provider-twitter wp-block-embed-twitter\"><div class=\"wp-block-embed__wrapper\">\n<blockquote class=\"twitter-tweet\" data-width=\"550\" data-dnt=\"true\"><p lang=\"pt\" dir=\"ltr\">Muito Obrigada. \ud83d\ude2d <a href=\"https:\/\/t.co\/Umv8Gi0ehz\">pic.twitter.com\/Umv8Gi0ehz<\/a><\/p>&mdash; Carlos Alcaraz Brasil (@carlosalcarazbr) <a href=\"https:\/\/twitter.com\/carlosalcarazbr\/status\/1818722001185652778?ref_src=twsrc%5Etfw\">July 31, 2024<\/a><\/blockquote><script async src=\"https:\/\/platform.twitter.com\/widgets.js\" charset=\"utf-8\"><\/script>\n<\/div><\/figure>\n\n\n\n<h3 class=\"wp-block-heading\">La palabra de Alcaraz<\/h3>\n\n\n\n<p><em>Carlitos<\/em>\u00a0mostr\u00f3 su gratitud por la oportunidad de jugar con Nadal, a pesar de restarle en lo f\u00edsico: \u201cHa sido una bonita experiencia con momentos inolvidables.\u00a0Mi sue\u00f1o desde peque\u00f1o de jugar con Rafa, de aprender de \u00e9l muy cerca, se ha cumplido.\u00a0Vamos a intentar quedarnos con las cosas positivas y la verdad que ha sido una experiencia maravillosa\u201d.<\/p>\n\n\n\n<p>El joven a\u00fan participa en singles, est\u00e1 en cuartos de final y es el m\u00e1ximo favorito para conseguir la medalla dorada. El espa\u00f1ol se enfrentar\u00e1 al estadounidense Tommy Paul ma\u00f1ana jueves desde las 07.00 horas (Argentina).<\/p>\n","protected":false},"excerpt":{"rendered":"<p>El espa\u00f1ol fue eliminado de los Juegos Ol\u00edmpicos en singles y en dobles, donde hac\u00eda dupla con Carlos Alcaraz. El final se acerca. Rafael Nadal lo sabe y lo alerta. El tenista balear se despidi\u00f3 este mi\u00e9rcoles de los Juegos Ol\u00edmpicos de Par\u00eds 2024 al quedar eliminado del dobles masculino con su pareja, Carlos Alcaraz.\u00a0 [&hellip;]<\/p>\n","protected":false},"author":2,"featured_media":9125,"comment_status":"open","ping_status":"open","sticky":false,"template":"","format":"standard","meta":{"footnotes":""},"categories":[14],"tags":[],"_links":{"self":[{"href":"https:\/\/enlamira.info\/index.php\/wp-json\/wp\/v2\/posts\/9123"}],"collection":[{"href":"https:\/\/enlamira.info\/index.php\/wp-json\/wp\/v2\/posts"}],"about":[{"href":"https:\/\/enlamira.info\/index.php\/wp-json\/wp\/v2\/types\/post"}],"author":[{"embeddable":true,"href":"https:\/\/enlamira.info\/index.php\/wp-json\/wp\/v2\/users\/2"}],"replies":[{"embeddable":true,"href":"https:\/\/enlamira.info\/index.php\/wp-json\/wp\/v2\/comments?post=9123"}],"version-history":[{"count":1,"href":"https:\/\/enlamira.info\/index.php\/wp-json\/wp\/v2\/posts\/9123\/revisions"}],"predecessor-version":[{"id":9124,"href":"https:\/\/enlamira.info\/index.php\/wp-json\/wp\/v2\/posts\/9123\/revisions\/9124"}],"wp:featuredmedia":[{"embeddable":true,"href":"https:\/\/enlamira.info\/index.php\/wp-json\/wp\/v2\/media\/9125"}],"wp:attachment":[{"href":"https:\/\/enlamira.info\/index.php\/wp-json\/wp\/v2\/media?parent=9123"}],"wp:term":[{"taxonomy":"category","embeddable":true,"href":"https:\/\/enlamira.info\/index.php\/wp-json\/wp\/v2\/categories?post=9123"},{"taxonomy":"post_tag","embeddable":true,"href":"https:\/\/enlamira.info\/index.php\/wp-json\/wp\/v2\/tags?post=9123"}],"curies":[{"name":"wp","href":"https:\/\/api.w.org\/{rel}","templated":true}]}}