{"id":906,"date":"2024-03-12T15:39:35","date_gmt":"2024-03-12T18:39:35","guid":{"rendered":"https:\/\/enlamira.info\/?p=906"},"modified":"2024-03-12T15:40:08","modified_gmt":"2024-03-12T18:40:08","slug":"alerta-por-el-fuerte-temporal-una-persona-fallecio-en-valentin-alsina-y-hubo-una-explosion-en-la-matanza","status":"publish","type":"post","link":"https:\/\/enlamira.info\/index.php\/2024\/03\/12\/alerta-por-el-fuerte-temporal-una-persona-fallecio-en-valentin-alsina-y-hubo-una-explosion-en-la-matanza\/","title":{"rendered":"Alerta por el fuerte temporal: una persona falleci\u00f3 en Valent\u00edn Alsina y hubo una explosi\u00f3n en La Matanza"},"content":{"rendered":"\n<p>El Servicio Meteorol\u00f3gico Nacional advirti\u00f3 que las tormentas continuar\u00e1n. Gran parte del pa\u00eds est\u00e1 afectada por el agua y los vientos.<\/p>\n\n\n\n<p>Seg\u00fan informaci\u00f3n brindada por el Servicio Meteorol\u00f3gico Nacional,\u00a0las fuertes lluvias y vientos que golpean a la Argentina no parar\u00e1n hasta el mi\u00e9rcoles\u00a0y advirtieron que podr\u00eda\u00a0caer granizo\u00a0en la Ciudad de Buenos Aires y alrededores.<\/p>\n\n\n\n<p>Asimismo, las precipitaciones podr\u00edan\u00a0inundar los centros urbanos de Santa Fe, C\u00f3rdoba y Entre R\u00edos.<\/p>\n\n\n\n<p>Los municipios de la\u00a0zona sur y oeste del primer cord\u00f3n del conurbano, tales como Avellaneda, La Matanza, Lan\u00fas, La Plata, San Vicente, Ezeiza, Moreno y Ca\u00f1uelas,\u00a0ya presentaron inundaciones\u00a0y tambi\u00e9n se encuentran dentro del \u00e1rea que podr\u00eda sufrir la ca\u00edda ocasional de granizo.<\/p>\n\n\n\n<p>Desde la madrugada se registra fuerte actividad el\u00e9ctrica que azota el pa\u00eds y\u00a0no hay despegues en los aeropuertos de Ezeiza y Aeroparque.<\/p>\n\n\n\n<p>El SMN advirti\u00f3 sobre fuertes tormentas en C\u00f3rdoba, Entre R\u00edos, Jujuy, La Pampa, Salta, San Luis y Santa Fe. En Chubut, Neuqu\u00e9n, R\u00edo Negro y Santa Cruz se prev\u00e9n lluvias.<\/p>\n\n\n\n<h3 class=\"wp-block-heading\">El temporal dej\u00f3 una v\u00edctima fatal en Valent\u00edn Alsina<\/h3>\n\n\n\n<p>En el municipio bonaerense de\u00a0Valent\u00edn Alsina se report\u00f3 que ya hubo un fallecido. El cuerpo de un hombre apareci\u00f3 flotando en la intersecci\u00f3n de las calles Habana y Coronel Luna. Por los relatos de vecinos, la v\u00edctima se dirig\u00eda a su trabajo cuando sufri\u00f3 las consecuencias del fuerte temporal.<\/p>\n","protected":false},"excerpt":{"rendered":"<p>El Servicio Meteorol\u00f3gico Nacional advirti\u00f3 que las tormentas continuar\u00e1n. Gran parte del pa\u00eds est\u00e1 afectada por el agua y los vientos. Seg\u00fan informaci\u00f3n brindada por el Servicio Meteorol\u00f3gico Nacional,\u00a0las fuertes lluvias y vientos que golpean a la Argentina no parar\u00e1n hasta el mi\u00e9rcoles\u00a0y advirtieron que podr\u00eda\u00a0caer granizo\u00a0en la Ciudad de Buenos Aires y alrededores. Asimismo, [&hellip;]<\/p>\n","protected":false},"author":2,"featured_media":908,"comment_status":"open","ping_status":"open","sticky":false,"template":"","format":"standard","meta":{"footnotes":""},"categories":[4],"tags":[],"_links":{"self":[{"href":"https:\/\/enlamira.info\/index.php\/wp-json\/wp\/v2\/posts\/906"}],"collection":[{"href":"https:\/\/enlamira.info\/index.php\/wp-json\/wp\/v2\/posts"}],"about":[{"href":"https:\/\/enlamira.info\/index.php\/wp-json\/wp\/v2\/types\/post"}],"author":[{"embeddable":true,"href":"https:\/\/enlamira.info\/index.php\/wp-json\/wp\/v2\/users\/2"}],"replies":[{"embeddable":true,"href":"https:\/\/enlamira.info\/index.php\/wp-json\/wp\/v2\/comments?post=906"}],"version-history":[{"count":3,"href":"https:\/\/enlamira.info\/index.php\/wp-json\/wp\/v2\/posts\/906\/revisions"}],"predecessor-version":[{"id":910,"href":"https:\/\/enlamira.info\/index.php\/wp-json\/wp\/v2\/posts\/906\/revisions\/910"}],"wp:featuredmedia":[{"embeddable":true,"href":"https:\/\/enlamira.info\/index.php\/wp-json\/wp\/v2\/media\/908"}],"wp:attachment":[{"href":"https:\/\/enlamira.info\/index.php\/wp-json\/wp\/v2\/media?parent=906"}],"wp:term":[{"taxonomy":"category","embeddable":true,"href":"https:\/\/enlamira.info\/index.php\/wp-json\/wp\/v2\/categories?post=906"},{"taxonomy":"post_tag","embeddable":true,"href":"https:\/\/enlamira.info\/index.php\/wp-json\/wp\/v2\/tags?post=906"}],"curies":[{"name":"wp","href":"https:\/\/api.w.org\/{rel}","templated":true}]}}