{"id":9023,"date":"2024-07-30T18:08:20","date_gmt":"2024-07-30T21:08:20","guid":{"rendered":"https:\/\/enlamira.info\/?p=9023"},"modified":"2024-07-30T21:16:16","modified_gmt":"2024-07-31T00:16:16","slug":"brasil-el-pt-de-lula-califico-a-las-elecciones-en-venezuela-como-pacificas-democraticas-y-soberanas","status":"publish","type":"post","link":"https:\/\/enlamira.info\/index.php\/2024\/07\/30\/brasil-el-pt-de-lula-califico-a-las-elecciones-en-venezuela-como-pacificas-democraticas-y-soberanas\/","title":{"rendered":"Brasil: el PT de Lula calific\u00f3 a las elecciones en Venezuela como \u201cpac\u00edficas, democr\u00e1ticas y soberanas\u201d"},"content":{"rendered":"\n<p>Desde el Partido de los Trabajadores, liderado por el presidente de Brasil, hablaron de una \u201cjornada pac\u00edfica\u201d en los comicios venezolanos.<\/p>\n\n\n\n<p>El Partido de los Trabajadores (PT) de\u00a0Brasil, liderado por el presidente\u00a0Lula da Silva, se expres\u00f3 tras las\u00a0pol\u00e9micas elecciones de Venezuela. Seg\u00fan el espacio de izquierda,\u00a0Nicol\u00e1s Maduro\u00a0fue reelecto en el marco de unos comicios \u201cdemocr\u00e1ticos y soberanos\u201d.<\/p>\n\n\n\n<p>Si bien no hubo pronunciaci\u00f3n oficial de Presidencia, la direcci\u00f3n ejecutiva del Partido de los Trabajadores se expres\u00f3 a trav\u00e9s de un comunicado:\u00a0\u201cEl PT saluda al pueblo venezolano por el proceso electoral ocurrido el domingo en una jornada pac\u00edfica, democr\u00e1tica y soberana\u201d.<\/p>\n\n\n\n<p>Sobre las denuncias por fraude en\u00a0Venezuela, se\u00f1alaron: \u201cEl PT se mantendr\u00e1 vigilante para contribuir, en la medida de sus fuerzas, para que los problemas de Am\u00e9rica Latina y el Caribe sean tratados por los pueblos de la regi\u00f3n, sin ning\u00fan tipo de violencia o injerencia externa\u201d.<\/p>\n\n\n\n<p>Por el lado del Gobierno de Brasil fueron m\u00e1s cautos y solo manifestaron que \u201cel principio de la soberan\u00eda popular debe ser observado por medio de la verificaci\u00f3n imparcial de los resultados\u201d. Y a\u00fan no reconocieron a Maduro como ganador, se\u00f1alando que a\u00fan \u201caguardan por los datos detallados de las mesas de votaci\u00f3n\u201d.<\/p>\n","protected":false},"excerpt":{"rendered":"<p>Desde el Partido de los Trabajadores, liderado por el presidente de Brasil, hablaron de una \u201cjornada pac\u00edfica\u201d en los comicios venezolanos. El Partido de los Trabajadores (PT) de\u00a0Brasil, liderado por el presidente\u00a0Lula da Silva, se expres\u00f3 tras las\u00a0pol\u00e9micas elecciones de Venezuela. Seg\u00fan el espacio de izquierda,\u00a0Nicol\u00e1s Maduro\u00a0fue reelecto en el marco de unos comicios \u201cdemocr\u00e1ticos [&hellip;]<\/p>\n","protected":false},"author":2,"featured_media":9025,"comment_status":"open","ping_status":"open","sticky":false,"template":"","format":"standard","meta":{"footnotes":""},"categories":[20],"tags":[],"_links":{"self":[{"href":"https:\/\/enlamira.info\/index.php\/wp-json\/wp\/v2\/posts\/9023"}],"collection":[{"href":"https:\/\/enlamira.info\/index.php\/wp-json\/wp\/v2\/posts"}],"about":[{"href":"https:\/\/enlamira.info\/index.php\/wp-json\/wp\/v2\/types\/post"}],"author":[{"embeddable":true,"href":"https:\/\/enlamira.info\/index.php\/wp-json\/wp\/v2\/users\/2"}],"replies":[{"embeddable":true,"href":"https:\/\/enlamira.info\/index.php\/wp-json\/wp\/v2\/comments?post=9023"}],"version-history":[{"count":1,"href":"https:\/\/enlamira.info\/index.php\/wp-json\/wp\/v2\/posts\/9023\/revisions"}],"predecessor-version":[{"id":9024,"href":"https:\/\/enlamira.info\/index.php\/wp-json\/wp\/v2\/posts\/9023\/revisions\/9024"}],"wp:featuredmedia":[{"embeddable":true,"href":"https:\/\/enlamira.info\/index.php\/wp-json\/wp\/v2\/media\/9025"}],"wp:attachment":[{"href":"https:\/\/enlamira.info\/index.php\/wp-json\/wp\/v2\/media?parent=9023"}],"wp:term":[{"taxonomy":"category","embeddable":true,"href":"https:\/\/enlamira.info\/index.php\/wp-json\/wp\/v2\/categories?post=9023"},{"taxonomy":"post_tag","embeddable":true,"href":"https:\/\/enlamira.info\/index.php\/wp-json\/wp\/v2\/tags?post=9023"}],"curies":[{"name":"wp","href":"https:\/\/api.w.org\/{rel}","templated":true}]}}