{"id":9020,"date":"2024-07-30T18:07:22","date_gmt":"2024-07-30T21:07:22","guid":{"rendered":"https:\/\/enlamira.info\/?p=9020"},"modified":"2024-07-30T21:17:12","modified_gmt":"2024-07-31T00:17:12","slug":"alberto-fernandez-respaldo-a-maduro-y-califico-de-error-de-buena-fe-el-ocultamiento-de-las-actas-electorales","status":"publish","type":"post","link":"https:\/\/enlamira.info\/index.php\/2024\/07\/30\/alberto-fernandez-respaldo-a-maduro-y-califico-de-error-de-buena-fe-el-ocultamiento-de-las-actas-electorales\/","title":{"rendered":"Alberto Fern\u00e1ndez respald\u00f3 a Maduro y calific\u00f3 de \u201cerror de buena fe\u201d el ocultamiento de las actas electorales"},"content":{"rendered":"\n<p>El ex presidente argentino sostuvo que existe persecuci\u00f3n ideol\u00f3gica contra el l\u00edder venezolano y le pidi\u00f3 que publique los datos oficiales para terminar con el conflicto.<\/p>\n\n\n\n<p>En medio del esc\u00e1ndalo electoral en\u00a0Venezuela, el ex presidente argentino\u00a0Alberto Fern\u00e1ndez, respald\u00f3 a\u00a0Nicol\u00e1s Maduro\u00a0al que calific\u00f3 como un perseguido pol\u00edtico y pidi\u00f3 que rectifique el \u201cerror\u201d en la publicaci\u00f3n de los datos oficiales que despertaron denuncias de fraude por parte de la oposici\u00f3n.<\/p>\n\n\n\n<p>\u201cHay una parte de esa percepci\u00f3n de persecuci\u00f3n que tiene el gobierno de Venezuela que es verdad, es verdad\u201d, sostuvo el ex l\u00edder del\u00a0Frente de Todos, quien fue invitado como veedor internacional en las elecciones del pasado domingo, pero luego fue descartado al cuestionar al mandatario bolivariano.<\/p>\n\n\n\n<p>Durante una entrevista radial, el ex jefe de Estado expres\u00f3: \u201cYo miro mucha televisi\u00f3n internacional para ver las noticias del mundo y durante\u00a0las dos semanas previas daban por derrotado a Nicol\u00e1s Maduro y dec\u00edan que si ganaba era por fraude, entonces yo entiendo que eso haya calado en el \u00e1nimo y en el sentimiento de Maduro y del gobierno\u201d.<\/p>\n\n\n\n<p>\u201cLo que yo no entiendo es por qu\u00e9 no muestra las actas de su triunfo, por qu\u00e9 no las hace p\u00fablicas, por qu\u00e9 cuando todos estamos pidiendo que muestre las actas, se hace proclamar en 24 horas presidente de Venezuela sin dar todav\u00eda respuestas\u201d, a\u00f1adi\u00f3 Fern\u00e1ndez sobre el ocultamiento de los datos oficiales tras los comicios de domingo 28 de julio.<\/p>\n\n\n\n<p>En esa misma l\u00ednea, el ex presidente insisti\u00f3 en confiar en Maduro: \u201cAhora dicen que van a publicar las actas y va a haber una nueva discusi\u00f3n sobre\u00a0si esas actas son reales\u00a0o fueron adulteradas.\u00a0Yo creo que cometi\u00f3 un error el gobierno de Venezuela, sinceramente, y quiero creer que de buena fe, porque si en verdad las cosas son como dice la oposici\u00f3n, entonces uno debe ser muy cr\u00edtico\u201d.<\/p>\n\n\n\n<p>\u201cLa derecha se ha globalizado y funciona como una suerte de c\u00e1rtel pol\u00edtico.\u00a0La usina de la derecha advirti\u00f3 que si el gobierno venezolano ganaba iba a ser porque hizo fraude, y eso lo sensibiliz\u00f3 mucho\u201d, concluy\u00f3 Alberto Fern\u00e1ndez apuntando al actual presidente\u00a0Javier Milei\u00a0y su influencia en la regi\u00f3n.<\/p>\n","protected":false},"excerpt":{"rendered":"<p>El ex presidente argentino sostuvo que existe persecuci\u00f3n ideol\u00f3gica contra el l\u00edder venezolano y le pidi\u00f3 que publique los datos oficiales para terminar con el conflicto. En medio del esc\u00e1ndalo electoral en\u00a0Venezuela, el ex presidente argentino\u00a0Alberto Fern\u00e1ndez, respald\u00f3 a\u00a0Nicol\u00e1s Maduro\u00a0al que calific\u00f3 como un perseguido pol\u00edtico y pidi\u00f3 que rectifique el \u201cerror\u201d en la publicaci\u00f3n [&hellip;]<\/p>\n","protected":false},"author":2,"featured_media":9022,"comment_status":"open","ping_status":"open","sticky":false,"template":"","format":"standard","meta":{"footnotes":""},"categories":[20],"tags":[],"_links":{"self":[{"href":"https:\/\/enlamira.info\/index.php\/wp-json\/wp\/v2\/posts\/9020"}],"collection":[{"href":"https:\/\/enlamira.info\/index.php\/wp-json\/wp\/v2\/posts"}],"about":[{"href":"https:\/\/enlamira.info\/index.php\/wp-json\/wp\/v2\/types\/post"}],"author":[{"embeddable":true,"href":"https:\/\/enlamira.info\/index.php\/wp-json\/wp\/v2\/users\/2"}],"replies":[{"embeddable":true,"href":"https:\/\/enlamira.info\/index.php\/wp-json\/wp\/v2\/comments?post=9020"}],"version-history":[{"count":1,"href":"https:\/\/enlamira.info\/index.php\/wp-json\/wp\/v2\/posts\/9020\/revisions"}],"predecessor-version":[{"id":9021,"href":"https:\/\/enlamira.info\/index.php\/wp-json\/wp\/v2\/posts\/9020\/revisions\/9021"}],"wp:featuredmedia":[{"embeddable":true,"href":"https:\/\/enlamira.info\/index.php\/wp-json\/wp\/v2\/media\/9022"}],"wp:attachment":[{"href":"https:\/\/enlamira.info\/index.php\/wp-json\/wp\/v2\/media?parent=9020"}],"wp:term":[{"taxonomy":"category","embeddable":true,"href":"https:\/\/enlamira.info\/index.php\/wp-json\/wp\/v2\/categories?post=9020"},{"taxonomy":"post_tag","embeddable":true,"href":"https:\/\/enlamira.info\/index.php\/wp-json\/wp\/v2\/tags?post=9020"}],"curies":[{"name":"wp","href":"https:\/\/api.w.org\/{rel}","templated":true}]}}