{"id":9013,"date":"2024-07-30T18:05:21","date_gmt":"2024-07-30T21:05:21","guid":{"rendered":"https:\/\/enlamira.info\/?p=9013"},"modified":"2024-07-30T21:19:46","modified_gmt":"2024-07-31T00:19:46","slug":"sube-la-tension-con-venezuela-maduro-le-corto-la-luz-a-la-embajada-argentina-en-caracas","status":"publish","type":"post","link":"https:\/\/enlamira.info\/index.php\/2024\/07\/30\/sube-la-tension-con-venezuela-maduro-le-corto-la-luz-a-la-embajada-argentina-en-caracas\/","title":{"rendered":"Sube la tensi\u00f3n con Venezuela: Maduro le cort\u00f3 la luz a la embajada argentina en Caracas"},"content":{"rendered":"\n<p>La canciller Diana Mondino confirm\u00f3 que participar\u00e1 de la reuni\u00f3n especial de la OEA para tratar el tema venezolano que se har\u00e1 en Washington.<\/p>\n\n\n\n<p>Mientras el gobierno argentino sigue exigiendo que se revelen las actas oficiales del escrutinio del \u00faltimo domingo en Venezuela, escala la tensi\u00f3n con el r\u00e9gimen de\u00a0Nicol\u00e1s Maduro, que ahora le cort\u00f3 el suministro el\u00e9ctrico a la Embajada en\u00a0Caracas, tras echar a los diplom\u00e1ticos del pa\u00eds caribe\u00f1o.<\/p>\n\n\n\n<p>Por ello, la gesti\u00f3n de\u00a0Javier Milei\u00a0acelera el retiro del personal diplom\u00e1tico que se encontraba en la Embajada y de los seis refugiados pol\u00edticos que pidieron asilo en territorio argentino por ser perseguidos por el r\u00e9gimen chavista.<\/p>\n\n\n\n<p>\u201cEn la Embajada tenemos asilados desde hace seis meses. Son personas que tuvieron que recluirse porque estaban amenazadas.\u00a0El Gobierno de Maduro no concedi\u00f3 la salida del pa\u00eds, a pesar de que es su obligaci\u00f3n otorgar un salvoconducto\u201d, explic\u00f3 la ministra de Relaciones Exteriores,\u00a0Diana Mondino\u00a0sobre los hechos.<\/p>\n\n\n\n<p>Adem\u00e1s, la funcionaria confirm\u00f3 que viajar\u00e1 a\u00a0Washington\u00a0en\u00a0Estados Unidos\u00a0(EE.UU), para participar de la reuni\u00f3n del comit\u00e9 de crisis de la\u00a0Organizaci\u00f3n de los Estados Americanos\u00a0(OEA) a la que se convoc\u00f3 de urgencia por el esc\u00e1ndalo del fraude electoral y la violencia contra los opositores en\u00a0Venezuela.<\/p>\n\n\n\n<p>\u201cLa Argentina repudia el hostigamiento a su sede diplom\u00e1tica en Caracas\u00a0a partir de la decisi\u00f3n del r\u00e9gimen de Maduro de interrumpir el suministro el\u00e9ctrico\u201d, indicaron desde la Canciller\u00eda a trav\u00e9s de un comunicado emitido en las ultimas horas.<\/p>\n\n\n\n<p>A lo que agrega: \u201cAl respecto,\u00a0advierte al gobierno de Venezuela sobre cualquier acci\u00f3n deliberada que ponga en peligro la seguridad del personal diplom\u00e1tico argentino\u00a0y de los ciudadanos venezolanos bajo protecci\u00f3n, recordando la obligaci\u00f3n del Estado receptor de salvaguardar las instalaciones de la misi\u00f3n diplom\u00e1tica contra intrusiones o da\u00f1os y preservar la tranquilidad y dignidad de la misma\u201d.<\/p>\n\n\n\n<p>\u201cHacemos un llamado a la comunidad internacional sobre la importancia de bregar por el cumplimiento de la normativa internacional\u00a0que rige las relaciones diplom\u00e1ticas entre los Estados\u201d, concluye el texto difundido por la unidad diplom\u00e1tica local.<\/p>\n","protected":false},"excerpt":{"rendered":"<p>La canciller Diana Mondino confirm\u00f3 que participar\u00e1 de la reuni\u00f3n especial de la OEA para tratar el tema venezolano que se har\u00e1 en Washington. Mientras el gobierno argentino sigue exigiendo que se revelen las actas oficiales del escrutinio del \u00faltimo domingo en Venezuela, escala la tensi\u00f3n con el r\u00e9gimen de\u00a0Nicol\u00e1s Maduro, que ahora le cort\u00f3 [&hellip;]<\/p>\n","protected":false},"author":2,"featured_media":9015,"comment_status":"open","ping_status":"open","sticky":false,"template":"","format":"standard","meta":{"footnotes":""},"categories":[30],"tags":[],"_links":{"self":[{"href":"https:\/\/enlamira.info\/index.php\/wp-json\/wp\/v2\/posts\/9013"}],"collection":[{"href":"https:\/\/enlamira.info\/index.php\/wp-json\/wp\/v2\/posts"}],"about":[{"href":"https:\/\/enlamira.info\/index.php\/wp-json\/wp\/v2\/types\/post"}],"author":[{"embeddable":true,"href":"https:\/\/enlamira.info\/index.php\/wp-json\/wp\/v2\/users\/2"}],"replies":[{"embeddable":true,"href":"https:\/\/enlamira.info\/index.php\/wp-json\/wp\/v2\/comments?post=9013"}],"version-history":[{"count":1,"href":"https:\/\/enlamira.info\/index.php\/wp-json\/wp\/v2\/posts\/9013\/revisions"}],"predecessor-version":[{"id":9014,"href":"https:\/\/enlamira.info\/index.php\/wp-json\/wp\/v2\/posts\/9013\/revisions\/9014"}],"wp:featuredmedia":[{"embeddable":true,"href":"https:\/\/enlamira.info\/index.php\/wp-json\/wp\/v2\/media\/9015"}],"wp:attachment":[{"href":"https:\/\/enlamira.info\/index.php\/wp-json\/wp\/v2\/media?parent=9013"}],"wp:term":[{"taxonomy":"category","embeddable":true,"href":"https:\/\/enlamira.info\/index.php\/wp-json\/wp\/v2\/categories?post=9013"},{"taxonomy":"post_tag","embeddable":true,"href":"https:\/\/enlamira.info\/index.php\/wp-json\/wp\/v2\/tags?post=9013"}],"curies":[{"name":"wp","href":"https:\/\/api.w.org\/{rel}","templated":true}]}}