{"id":896,"date":"2024-03-12T15:35:46","date_gmt":"2024-03-12T18:35:46","guid":{"rendered":"https:\/\/enlamira.info\/?p=896"},"modified":"2024-03-12T15:54:50","modified_gmt":"2024-03-12T18:54:50","slug":"el-gobierno-dispuso-la-apertura-de-importaciones-de-alimentos","status":"publish","type":"post","link":"https:\/\/enlamira.info\/index.php\/2024\/03\/12\/el-gobierno-dispuso-la-apertura-de-importaciones-de-alimentos\/","title":{"rendered":"El Gobierno dispuso la apertura de importaciones de alimentos"},"content":{"rendered":"\n<p>El vocero presidencial inform\u00f3 que la decisi\u00f3n se tom\u00f3 tras la reuni\u00f3n de Luis Caputo con supermercadistas.<\/p>\n\n\n\n<p>El vocero presidencial,\u00a0Manuel Adorni, anunci\u00f3 la apertura de\u00a0importaciones para alimentos de la canasta b\u00e1sica. La decisi\u00f3n se tom\u00f3 luego de la\u00a0reuni\u00f3n que tuvo el ministro de Econom\u00eda, Luis Caputo, con representantes de las cadenas de supermercados.<\/p>\n\n\n\n<p>Manuel Adorni\u00a0expres\u00f3: \u201cEn la reuni\u00f3n los empresarios reconocieron suba de precios por encima de la expectativa de inflaci\u00f3n\u00a0y por supuesto que el escenario que hab\u00edan evaluado los empresarios era catastr\u00f3fico, algo que no ha ocurrido\u201d.<\/p>\n\n\n\n<p>\u201cEntendemos que la econom\u00eda de a poco se va normalizando y en esta l\u00ednea\u00a0se ha tomado la determinaci\u00f3n de abrir definitivamente las importaciones de determinados productos de la canasta familiar\u00a0en pos de poder hacer los precios m\u00e1s competitivos en beneficio de las familias y de los consumidores argentinos\u201d, agreg\u00f3 el vocero.<\/p>\n\n\n\n<p>Tambi\u00e9n se adelant\u00f3 que habr\u00e1\u00a0\u201calguna quita de impuestos\u201da productos importados, lo que ayudar\u00eda para corregir los precios. Por la tarde de este martes se brindar\u00e1n mayores detalles de la medida.<\/p>\n","protected":false},"excerpt":{"rendered":"<p>El vocero presidencial inform\u00f3 que la decisi\u00f3n se tom\u00f3 tras la reuni\u00f3n de Luis Caputo con supermercadistas. El vocero presidencial,\u00a0Manuel Adorni, anunci\u00f3 la apertura de\u00a0importaciones para alimentos de la canasta b\u00e1sica. La decisi\u00f3n se tom\u00f3 luego de la\u00a0reuni\u00f3n que tuvo el ministro de Econom\u00eda, Luis Caputo, con representantes de las cadenas de supermercados. Manuel Adorni\u00a0expres\u00f3: [&hellip;]<\/p>\n","protected":false},"author":2,"featured_media":898,"comment_status":"open","ping_status":"open","sticky":false,"template":"","format":"standard","meta":{"footnotes":""},"categories":[14],"tags":[],"_links":{"self":[{"href":"https:\/\/enlamira.info\/index.php\/wp-json\/wp\/v2\/posts\/896"}],"collection":[{"href":"https:\/\/enlamira.info\/index.php\/wp-json\/wp\/v2\/posts"}],"about":[{"href":"https:\/\/enlamira.info\/index.php\/wp-json\/wp\/v2\/types\/post"}],"author":[{"embeddable":true,"href":"https:\/\/enlamira.info\/index.php\/wp-json\/wp\/v2\/users\/2"}],"replies":[{"embeddable":true,"href":"https:\/\/enlamira.info\/index.php\/wp-json\/wp\/v2\/comments?post=896"}],"version-history":[{"count":2,"href":"https:\/\/enlamira.info\/index.php\/wp-json\/wp\/v2\/posts\/896\/revisions"}],"predecessor-version":[{"id":900,"href":"https:\/\/enlamira.info\/index.php\/wp-json\/wp\/v2\/posts\/896\/revisions\/900"}],"wp:featuredmedia":[{"embeddable":true,"href":"https:\/\/enlamira.info\/index.php\/wp-json\/wp\/v2\/media\/898"}],"wp:attachment":[{"href":"https:\/\/enlamira.info\/index.php\/wp-json\/wp\/v2\/media?parent=896"}],"wp:term":[{"taxonomy":"category","embeddable":true,"href":"https:\/\/enlamira.info\/index.php\/wp-json\/wp\/v2\/categories?post=896"},{"taxonomy":"post_tag","embeddable":true,"href":"https:\/\/enlamira.info\/index.php\/wp-json\/wp\/v2\/tags?post=896"}],"curies":[{"name":"wp","href":"https:\/\/api.w.org\/{rel}","templated":true}]}}