{"id":8951,"date":"2024-07-29T18:29:48","date_gmt":"2024-07-29T21:29:48","guid":{"rendered":"https:\/\/enlamira.info\/?p=8951"},"modified":"2024-07-29T21:18:31","modified_gmt":"2024-07-30T00:18:31","slug":"la-justicia-proceso-a-belliboni-por-el-desvio-de-fondos-estatales-y-lo-embargaron-por-390-000-000","status":"publish","type":"post","link":"https:\/\/enlamira.info\/index.php\/2024\/07\/29\/la-justicia-proceso-a-belliboni-por-el-desvio-de-fondos-estatales-y-lo-embargaron-por-390-000-000\/","title":{"rendered":"La Justicia proces\u00f3 a Belliboni por el desv\u00edo de fondos estatales y lo embargaron por $390.000.000"},"content":{"rendered":"\n<p>El l\u00edder del Polo Obrero fue procesado por el juez Sebasti\u00e1n Casanello por administraci\u00f3n fraudulenta mediante facturas falsas y el uso de una empresa fantasma.<\/p>\n\n\n\n<p>El juez\u00a0Sebasti\u00e1n Casanello\u00a0decidi\u00f3\u00a0procesar al l\u00edder del Polo Obrero, Eduardo Belliboni por administraci\u00f3n fraudulenta en perjuicio del Estado. El magistrado afirm\u00f3 que\u00a0desvi\u00f3 fondos\u00a0recibidos en el marco del\u00a0Plan Potenciar Trabajo\u00a0y que, al menos una parte, fue utilizada para financiar al movimiento.<\/p>\n\n\n\n<p>Casanello advirti\u00f3 que Belliboni us\u00f3&nbsp;facturas truchas y la empresa fantasma Rumbos -sin actividad real- para \u201cdibujar\u201d gastos&nbsp;y transformar as\u00ed los subsidios en una&nbsp;\u201ccaja partidaria\u201d.<\/p>\n\n\n\n<p>En el fallo, tambi\u00e9n&nbsp;se proces\u00f3 a otras 16 personas&nbsp;por delitos como la&nbsp;defraudaci\u00f3n y amenazas coactivas. Al l\u00edder del movimiento&nbsp;se lo embarg\u00f3 por $390.000.000, cifra que se estima fue la que involucr\u00f3 la facturaci\u00f3n ap\u00f3crifa.<\/p>\n\n\n\n<p>Enfrenta una&nbsp;condena de entre dos y seis a\u00f1os&nbsp;de prisi\u00f3n.<\/p>\n\n\n\n<p>El procesamiento involucra adem\u00e1s de Belliboni, a los referentes Mariano Alejandro Centanni, Erica Tamara Lubenfeld, Iv\u00e1n Ort\u00edz y Ezequiel Adri\u00e1n Coego&nbsp;por administraci\u00f3n fraudulenta en perjuicio de la administraci\u00f3n p\u00fablica.<\/p>\n\n\n\n<p>Tambi\u00e9n se incluyen en la causa a&nbsp;Mar\u00eda Isolda Dotti y Gianna Puppo, contra quienes pesa el procesamiento no s\u00f3lo por defraudaci\u00f3n sino tambi\u00e9n por \u201camenazas coactivas\u201d. Acusaci\u00f3n a la que Casanello suma a&nbsp;Gloria Paraguay Estrada&nbsp;y&nbsp;Rossmery Grande Arancibia.<\/p>\n\n\n\n<p>El magistrado federal, incluy\u00f3 adem\u00e1s a Elizabeth del Carmen Palma, Dina Patricia Iramain, Brisa Noelia Paucara Choque, Elizabeth Galindo Mamani, Cynthia Delgado Vilches, Gustavo Guillermo V\u00e1squez, Jerem\u00edas Cantero, Iv\u00e1n Ezequiel Candotti y Roberto Adri\u00e1n Albornoz como part\u00edcipes de la defraudaci\u00f3n y las amenazas coactivas.<\/p>\n\n\n\n<p>\u201cSe sospecha que el cumplimiento de las tareas y la&nbsp;ejecuci\u00f3n de los proyectos asumidos por los responsables del&nbsp;Polo Obrero&nbsp;en el marco del programa estatal no fue su verdadera meta, sino que el prop\u00f3sito buscado consisti\u00f3 en financiar y robustecer la actividad propia pol\u00edtico-partidaria\u201d, sostiene el fallo federal.<\/p>\n\n\n\n<p>A lo que agrega: \u201cEl Estado Nacional efectu\u00f3 desembolsos de dinero a favor de los beneficiarios del Programa Potenciar Trabajo&nbsp;(en concepto de Salario Social Complementario) por contraprestaciones que, en la mayor\u00eda de los casos, siquiera se ofrecieron. As\u00ed, no s\u00f3lo se incumpli\u00f3 el objetivo previsto normativamente, generando un perjuicio a las arcas del Estado (pues invirti\u00f3 dinero en actividades que, en muchos casos, no se realizaron ni ofrecieron), sino que, adem\u00e1s aprovech\u00e1ndose de la posici\u00f3n de poder que detentaban, retuvieron de manera indebida un porcentaje del dinero percibido por los titulares del programa\u201d.<\/p>\n\n\n\n<p>Vale destacar que la causa se inici\u00f3 el pasado 20 de diciembre, cuando las organizaciones sociales preparaban la primera marcha contra el gobierno de&nbsp;Javier Milei, tras descubrirse que el Ministerio de Capital Humano que conduce&nbsp;Sandra Pettovello, hab\u00eda ocultado m\u00e1s de 16 toneladas de alimentos que no hab\u00eda repartido a los comedores populares.<\/p>\n","protected":false},"excerpt":{"rendered":"<p>El l\u00edder del Polo Obrero fue procesado por el juez Sebasti\u00e1n Casanello por administraci\u00f3n fraudulenta mediante facturas falsas y el uso de una empresa fantasma. El juez\u00a0Sebasti\u00e1n Casanello\u00a0decidi\u00f3\u00a0procesar al l\u00edder del Polo Obrero, Eduardo Belliboni por administraci\u00f3n fraudulenta en perjuicio del Estado. El magistrado afirm\u00f3 que\u00a0desvi\u00f3 fondos\u00a0recibidos en el marco del\u00a0Plan Potenciar Trabajo\u00a0y que, al [&hellip;]<\/p>\n","protected":false},"author":2,"featured_media":8954,"comment_status":"open","ping_status":"open","sticky":false,"template":"","format":"standard","meta":{"footnotes":""},"categories":[126],"tags":[],"_links":{"self":[{"href":"https:\/\/enlamira.info\/index.php\/wp-json\/wp\/v2\/posts\/8951"}],"collection":[{"href":"https:\/\/enlamira.info\/index.php\/wp-json\/wp\/v2\/posts"}],"about":[{"href":"https:\/\/enlamira.info\/index.php\/wp-json\/wp\/v2\/types\/post"}],"author":[{"embeddable":true,"href":"https:\/\/enlamira.info\/index.php\/wp-json\/wp\/v2\/users\/2"}],"replies":[{"embeddable":true,"href":"https:\/\/enlamira.info\/index.php\/wp-json\/wp\/v2\/comments?post=8951"}],"version-history":[{"count":2,"href":"https:\/\/enlamira.info\/index.php\/wp-json\/wp\/v2\/posts\/8951\/revisions"}],"predecessor-version":[{"id":8964,"href":"https:\/\/enlamira.info\/index.php\/wp-json\/wp\/v2\/posts\/8951\/revisions\/8964"}],"wp:featuredmedia":[{"embeddable":true,"href":"https:\/\/enlamira.info\/index.php\/wp-json\/wp\/v2\/media\/8954"}],"wp:attachment":[{"href":"https:\/\/enlamira.info\/index.php\/wp-json\/wp\/v2\/media?parent=8951"}],"wp:term":[{"taxonomy":"category","embeddable":true,"href":"https:\/\/enlamira.info\/index.php\/wp-json\/wp\/v2\/categories?post=8951"},{"taxonomy":"post_tag","embeddable":true,"href":"https:\/\/enlamira.info\/index.php\/wp-json\/wp\/v2\/tags?post=8951"}],"curies":[{"name":"wp","href":"https:\/\/api.w.org\/{rel}","templated":true}]}}