{"id":891,"date":"2024-03-12T15:34:13","date_gmt":"2024-03-12T18:34:13","guid":{"rendered":"https:\/\/enlamira.info\/?p=891"},"modified":"2024-03-12T15:55:53","modified_gmt":"2024-03-12T18:55:53","slug":"el-ministro-de-seguridad-de-santa-fe-evito-dar-los-nombres-de-las-bandas-narcos-que-azotan-rosario","status":"publish","type":"post","link":"https:\/\/enlamira.info\/index.php\/2024\/03\/12\/el-ministro-de-seguridad-de-santa-fe-evito-dar-los-nombres-de-las-bandas-narcos-que-azotan-rosario\/","title":{"rendered":"El ministro de Seguridad de Santa Fe evit\u00f3 dar los nombres de las bandas narcos que azotan Rosario"},"content":{"rendered":"\n<p>Pablo Cococcioni interrumpi\u00f3 una entrevista cuando le pidieron que identificara a las organizaciones criminales que tiene en vilo a la ciudad santafesina por la creciente ola de violencia.<\/p>\n\n\n\n<p>En medio de la escalada de violencia que vive la ciudad de\u00a0Rosario\u00a0por\u00a0las amenazas narco, que valieron la asistencia del Estado nacional, el ministro de Seguridad y Justicia de la provincia de\u00a0Santa Fe, Pablo Cococcioni,\u00a0tuvo una ins\u00f3lita reacci\u00f3n durante una entrevista radial en donde lo consultaron por los nombres de las bandas criminales.<\/p>\n\n\n\n<p>\u201cHoy no est\u00e1 en juego el t\u00edtulo de las bandas\u201d, sostuvo el funcionario y procedi\u00f3 a cortar la comunicaci\u00f3n. El hecho ocurri\u00f3 en la ma\u00f1ana del martes cuando el periodista\u00a0Marcelo Longobardi, entrevistaba a Cococcioni para su programa en Rivadavia.<\/p>\n\n\n\n<p>All\u00ed el encargado de la cartera de seguridad provincial relat\u00f3\u00a0la cruda situaci\u00f3n que se vive en Rosario\u00a0por el contante accionar del crimen organizado, \u201cB\u00e1sicamente, son bandas, la mayor\u00eda de los cuales est\u00e1n presos y condenados, que evidentemente en respuesta a que se le ha ido cerrando la posibilidad de manejar la actividad delictiva desde adentro de la c\u00e1rcel,\u00a0est\u00e1n acudiendo a estas medidas casi desesperadas para tratar de torcer el rumbo de la seguridad\u201d, indic\u00f3.<\/p>\n\n\n\n<p>\u201cSepararlos es complejo, y se relaciona con que en\u00a0la provincia de Santa Fe\u00a0no hay una c\u00e1rcel de m\u00e1xima seguridad, de hecho estamos avanzando en el proyecto para construirla, pero\u00a0lo que se hizo ahora son pabellones con mayores medidas de seguridad, m\u00e1s chicos, para poder separarlos en grupos m\u00e1s chicos,\u00a0aunque sea a los elementos de conducci\u00f3n, los m\u00e1s peligrosos de estas bandas\u201d, agreg\u00f3 el ministro durante la charla radial.<\/p>\n\n\n\n<p>No obstante, al momento de ser consultado sobre los nombres de las bandas que lideran los hechos violentos, Cococcioni se limit\u00f3 a responder: \u201cHoy no estamos asistiendo a estas bandas de renombre y con t\u00edtulos en may\u00fascula, sino a laderos, segundas y terceras l\u00edneas, que est\u00e1n intentando copar la parada\u201d.<\/p>\n\n\n\n<p>\u201cPerd\u00f3n Marcelo, no corresponde y me disculpo si no satisface la expectativa, y entiendo muy bien su punto de vista, pero me parece que en este momento, investigativamente\u00a0no corresponde empezar a nombrar personas porque hay que empezar a avanzar seriamente contra los que est\u00e1n cometiendo estos hechos,\u00a0que tal vez ya no son estas personas cuyos nombres sal\u00edan en los t\u00edtulos. Y muchas veces, instalar esto opaca las posibilidades de avanzar efectivamente contra quien est\u00e1 haciendo esto ahora\u201d, se\u00f1al\u00f3 el funcionario de\u00a0Maximiliano Pullaro.<\/p>\n\n\n\n<p>Ante la insistencia period\u00edstica para que identifique a las organizaciones narco que tienen en vilo a toda la regi\u00f3n, Cococcioni manifest\u00f3: \u201cNo es que no las puedo nombrar. Pero hoy no est\u00e1 en juego el t\u00edtulo de las bandas,\u00a0sino desmantelar a quienes est\u00e1n haciendo esto\u201d.<\/p>\n\n\n\n<p>\u201cPerd\u00f3neme, y con mucho respeto, yo considero que le estoy dando las respuestas en la medida que corresponde darla\u201d, detall\u00f3 en ese instante y procedi\u00f3 a cortar la comunicaci\u00f3n, dejando estupefacto\u00a0al conductor\u00a0que se limit\u00f3 a decir: \u201cYo no puedo entender lo que estoy escuchando.\u00a0\u00bfMinistro, usted que no me puede decir las bandas que tiene que perseguir?\u201d.<\/p>\n","protected":false},"excerpt":{"rendered":"<p>Pablo Cococcioni interrumpi\u00f3 una entrevista cuando le pidieron que identificara a las organizaciones criminales que tiene en vilo a la ciudad santafesina por la creciente ola de violencia. En medio de la escalada de violencia que vive la ciudad de\u00a0Rosario\u00a0por\u00a0las amenazas narco, que valieron la asistencia del Estado nacional, el ministro de Seguridad y Justicia [&hellip;]<\/p>\n","protected":false},"author":2,"featured_media":893,"comment_status":"open","ping_status":"open","sticky":false,"template":"","format":"standard","meta":{"footnotes":""},"categories":[4],"tags":[],"_links":{"self":[{"href":"https:\/\/enlamira.info\/index.php\/wp-json\/wp\/v2\/posts\/891"}],"collection":[{"href":"https:\/\/enlamira.info\/index.php\/wp-json\/wp\/v2\/posts"}],"about":[{"href":"https:\/\/enlamira.info\/index.php\/wp-json\/wp\/v2\/types\/post"}],"author":[{"embeddable":true,"href":"https:\/\/enlamira.info\/index.php\/wp-json\/wp\/v2\/users\/2"}],"replies":[{"embeddable":true,"href":"https:\/\/enlamira.info\/index.php\/wp-json\/wp\/v2\/comments?post=891"}],"version-history":[{"count":2,"href":"https:\/\/enlamira.info\/index.php\/wp-json\/wp\/v2\/posts\/891\/revisions"}],"predecessor-version":[{"id":895,"href":"https:\/\/enlamira.info\/index.php\/wp-json\/wp\/v2\/posts\/891\/revisions\/895"}],"wp:featuredmedia":[{"embeddable":true,"href":"https:\/\/enlamira.info\/index.php\/wp-json\/wp\/v2\/media\/893"}],"wp:attachment":[{"href":"https:\/\/enlamira.info\/index.php\/wp-json\/wp\/v2\/media?parent=891"}],"wp:term":[{"taxonomy":"category","embeddable":true,"href":"https:\/\/enlamira.info\/index.php\/wp-json\/wp\/v2\/categories?post=891"},{"taxonomy":"post_tag","embeddable":true,"href":"https:\/\/enlamira.info\/index.php\/wp-json\/wp\/v2\/tags?post=891"}],"curies":[{"name":"wp","href":"https:\/\/api.w.org\/{rel}","templated":true}]}}