{"id":8890,"date":"2024-07-29T00:30:01","date_gmt":"2024-07-29T03:30:01","guid":{"rendered":"https:\/\/enlamira.info\/?p=8890"},"modified":"2024-07-29T00:36:11","modified_gmt":"2024-07-29T03:36:11","slug":"javier-milei-en-la-rural-cuando-exterminemos-la-inflacion-vamos-a-levantar-el-cepo","status":"publish","type":"post","link":"https:\/\/enlamira.info\/index.php\/2024\/07\/29\/javier-milei-en-la-rural-cuando-exterminemos-la-inflacion-vamos-a-levantar-el-cepo\/","title":{"rendered":"Javier Milei en La Rural: \u201cCuando exterminemos la inflaci\u00f3n, vamos a levantar el cepo\u201d"},"content":{"rendered":"\n<p>El presidente particip\u00f3 de la 136\u00b0 Exposici\u00f3n Rural en Palermo y brind\u00f3 un discurso dirigido al sector agroexportador. Tambi\u00e9n se refiri\u00f3 al Impuesto PAIS y a las retenciones.<\/p>\n\n\n\n<p>El presidente\u00a0Javier\u00a0Milei\u00a0particip\u00f3 de la 136\u00b0 Exposici\u00f3n de\u00a0La Rural\u00a0en Palermo. El l\u00edder de La Libertad Avanza fue recibido por el presidente de la instituci\u00f3n organizadora del evento, Nicol\u00e1s Pino, y por el jefe de Gobierno porte\u00f1o, Jorge Macri. La jornada comenz\u00f3 con el Himno Nacional Argentino y un discurso de Pino, en el que sostuvo que\u00a0\u201ccreemos \u00fatil darle al Gobierno un\u00a0espacio de confianza\u201d\u00a0y le pidi\u00f3 paciencia al campo. Luego habl\u00f3 Milei sobre el cepo, las retenciones y el Impuesto PAIS.<\/p>\n\n\n\n<p>Antes de la exposici\u00f3n, la ministra de Seguridad, Patricia Bullrich, asegur\u00f3 que el\u00a0Gobierno\u00a0es \u201cprocampo, proproducci\u00f3n, a favor que el campo exporte\u201d. Adem\u00e1s, en un contexto en el que se le pide a la Casa Rosada que baje las retenciones para exportar, la funcionaria expres\u00f3: \u201cTenemos que ir paso a paso, en la medida que se baja el gasto p\u00fablico ir sacando\u00a0impuestos distorsivos\u201d.<\/p>\n\n\n\n<p>En el comienzo de su discurso, el Presidente le agradeci\u00f3 el esfuerzo a todos los productores rurales y asegur\u00f3:\u00a0\u201ccuando al campo argentino le fue bien, a todos nos fue bien. Cuando al campo le fue mal, a todos nos fue mal\u201d. Adem\u00e1s, sostuvo que el declive econ\u00f3mico comenz\u00f3 cuando la dirigencia pol\u00edtica \u201cle dio la espalda al sector agropecuario\u201d.<\/p>\n\n\n\n<p>En l\u00ednea con su pensamiento, el l\u00edder de La Libertad Avanza expres\u00f3:\u00a0\u201cTodos aqu\u00ed deben conocer a alguien que fundi\u00f3 por los abusos del Estado\u201d.\u00a0\u201cNo hay contradicci\u00f3n entre campo e industria\u201d asegur\u00f3 ante los aplausos de los organizadores y los espectadores.<\/p>\n\n\n\n<p>\u201cEsta\u00a0gesti\u00f3n\u00a0estar\u00e1 siempre del lado del campo argentino\u00a0y no se dejar\u00e1 amedrentar por ideas importadas que nada tienen que ver con nuestra realidad\u201d expres\u00f3 el Presidente en otra parte de su discurso despu\u00e9s de referirse a las consecuencias en el medioambiente de la actividad agropecuaria. Milei asegur\u00f3 que dicha producci\u00f3n no es nociva para el planeta y que, si lo fuera,\u00a0\u201ces mucho menos nociva que el hambre y la pobreza\u201d.<\/p>\n\n\n\n<p>\u201cNadie tiene m\u00e1s ganas que yo de salir de este modelo que,\u00a0entre retenciones y cepo, le expropia al campo el 70% de su producci\u00f3n\u201d\u00a0asegur\u00f3 Milei, aunque advirti\u00f3 que no apresuraran irresponsablemente la medida. Como es de costumbre, el Presidente celebr\u00f3 los n\u00fameros de la\u00a0inflaci\u00f3n\u00a0y confirm\u00f3 que, cuando la \u201cexterminen\u201d, eliminar\u00e1n el cepo cambiario.\u00a0\u201cTodos los d\u00edas eliminamos retenciones y cada d\u00eda estamos m\u00e1s cerca de eliminar el cepo\u201d\u00a0sostuvo.<\/p>\n\n\n\n<p>Tambi\u00e9n habl\u00f3 sobre el Impuesto PAIS:\u00a0\u201cEn el mes de septiembre vamos a bajarlo al 7,5% y vamos a estar elimin\u00e1ndolo en el mes de diciembre\u201d. Adem\u00e1s expres\u00f3 que es su \u201ccompromiso\u201d terminar con las retenciones. \u201cLa baja de impuestos se va a dar con el crecimiento econ\u00f3mico\u201d agreg\u00f3.<\/p>\n","protected":false},"excerpt":{"rendered":"<p>El presidente particip\u00f3 de la 136\u00b0 Exposici\u00f3n Rural en Palermo y brind\u00f3 un discurso dirigido al sector agroexportador. Tambi\u00e9n se refiri\u00f3 al Impuesto PAIS y a las retenciones. El presidente\u00a0Javier\u00a0Milei\u00a0particip\u00f3 de la 136\u00b0 Exposici\u00f3n de\u00a0La Rural\u00a0en Palermo. El l\u00edder de La Libertad Avanza fue recibido por el presidente de la instituci\u00f3n organizadora del evento, Nicol\u00e1s [&hellip;]<\/p>\n","protected":false},"author":2,"featured_media":8892,"comment_status":"open","ping_status":"open","sticky":false,"template":"","format":"standard","meta":{"footnotes":""},"categories":[20],"tags":[],"_links":{"self":[{"href":"https:\/\/enlamira.info\/index.php\/wp-json\/wp\/v2\/posts\/8890"}],"collection":[{"href":"https:\/\/enlamira.info\/index.php\/wp-json\/wp\/v2\/posts"}],"about":[{"href":"https:\/\/enlamira.info\/index.php\/wp-json\/wp\/v2\/types\/post"}],"author":[{"embeddable":true,"href":"https:\/\/enlamira.info\/index.php\/wp-json\/wp\/v2\/users\/2"}],"replies":[{"embeddable":true,"href":"https:\/\/enlamira.info\/index.php\/wp-json\/wp\/v2\/comments?post=8890"}],"version-history":[{"count":1,"href":"https:\/\/enlamira.info\/index.php\/wp-json\/wp\/v2\/posts\/8890\/revisions"}],"predecessor-version":[{"id":8891,"href":"https:\/\/enlamira.info\/index.php\/wp-json\/wp\/v2\/posts\/8890\/revisions\/8891"}],"wp:featuredmedia":[{"embeddable":true,"href":"https:\/\/enlamira.info\/index.php\/wp-json\/wp\/v2\/media\/8892"}],"wp:attachment":[{"href":"https:\/\/enlamira.info\/index.php\/wp-json\/wp\/v2\/media?parent=8890"}],"wp:term":[{"taxonomy":"category","embeddable":true,"href":"https:\/\/enlamira.info\/index.php\/wp-json\/wp\/v2\/categories?post=8890"},{"taxonomy":"post_tag","embeddable":true,"href":"https:\/\/enlamira.info\/index.php\/wp-json\/wp\/v2\/tags?post=8890"}],"curies":[{"name":"wp","href":"https:\/\/api.w.org\/{rel}","templated":true}]}}