{"id":8883,"date":"2024-07-29T00:28:06","date_gmt":"2024-07-29T03:28:06","guid":{"rendered":"https:\/\/enlamira.info\/?p=8883"},"modified":"2024-07-29T00:37:40","modified_gmt":"2024-07-29T03:37:40","slug":"el-tenso-reencuentro-entre-milei-y-villarruel-tras-la-polemica-sobre-francia","status":"publish","type":"post","link":"https:\/\/enlamira.info\/index.php\/2024\/07\/29\/el-tenso-reencuentro-entre-milei-y-villarruel-tras-la-polemica-sobre-francia\/","title":{"rendered":"El tenso reencuentro entre Milei y Villarruel tras la pol\u00e9mica sobre Francia"},"content":{"rendered":"\n<p>El Presidente y la Vicepresidenta se encontraron nuevamente en un evento en La Rural despu\u00e9s de una semana de tensiones en el Gobierno, originadas por los pol\u00e9micos comentarios de Villarruel sobre Francia.<\/p>\n\n\n\n<p>En medio de una semana marcada por fuertes tensiones en el Gobierno, el presidente\u00a0Javier Milei y la vicepresidenta Victoria Villarruel\u00a0se reencontraron p\u00fablicamente. Este encuentro, que tuvo lugar en un acto en La Rural, estuvo caracterizado por un saludo fr\u00edo y distante, evidenciando la fractura reciente entre ambos l\u00edderes.<\/p>\n\n\n\n<p>La vicemandataria lleg\u00f3 al predio de La Rural, ubicado en el barrio porte\u00f1o de Palermo, pasadas las 10:30 de la ma\u00f1ana. El presidente Milei arrib\u00f3 aproximadamente 45 minutos despu\u00e9s, a bordo de un auto descapotable de la flota presidencial, saludando al p\u00fablico que se encontraba en el lugar.<\/p>\n\n\n\n<p>Al ingresar a la grada, Milei procedi\u00f3 a saludar a varios representantes del Gobierno, incluyendo a la ministra de Seguridad, Patricia Bullrich, y al ministro de Defensa, Luis Petri, acompa\u00f1ado por su esposa, la periodista Cristina P\u00e9rez. El presidente, finalmente, salud\u00f3 de manera notoriamente fr\u00eda a la vicepresidenta Villarruel antes de continuar con sus saludos.<\/p>\n\n\n\n<h3 class=\"wp-block-heading\">El origen del conflicto<\/h3>\n\n\n\n<p>El desencuentro entre\u00a0Milei y Villarruel\u00a0se inici\u00f3 tras los pol\u00e9micos comentarios de la vicepresidenta sobre un incidente relacionado con el futbolista de la Selecci\u00f3n Argentina, Enzo Fern\u00e1ndez, y un c\u00e1ntico considerado discriminatorio hacia Francia. Villarruel defendi\u00f3 vehementemente a la Selecci\u00f3n Argentina, subrayando la soberan\u00eda y la historia multicultural del pa\u00eds.<\/p>\n\n\n\n<figure class=\"wp-block-image size-full\"><img loading=\"lazy\" decoding=\"async\" width=\"767\" height=\"361\" src=\"https:\/\/enlamira.info\/wp-content\/uploads\/2024\/07\/image-32.png\" alt=\"\" class=\"wp-image-8884\" srcset=\"https:\/\/enlamira.info\/wp-content\/uploads\/2024\/07\/image-32.png 767w, https:\/\/enlamira.info\/wp-content\/uploads\/2024\/07\/image-32-300x141.png 300w\" sizes=\"(max-width: 767px) 100vw, 767px\" \/><\/figure>\n\n\n\n<p>\u201cArgentina es un pa\u00eds soberano y libre. Nunca tuvimos colonias ni ciudadanos de segunda. Nunca le impusimos a nadie nuestra forma de vida. Pero tampoco vamos a tolerar que lo hagan con nosotros. Argentina se hizo con el sudor y el coraje de los indios, los europeos, los criollos y los negros como Remedios del Valle, el Sargento Cabral y Bernardo de Monteagudo\u201d, escribi\u00f3 Villarruel en sus redes sociales.<\/p>\n\n\n\n<p>Las declaraciones de Villarruel no fueron bien recibidas en la Casa Rosada. Javier Milei describi\u00f3 sus palabras como \u201cpoco felices\u201d, mientras que su hermana Karina Milei, secretaria de la Presidencia, se reuni\u00f3 con el embajador franc\u00e9s, Romain Nadal, desautorizando p\u00fablicamente a la vicepresidenta. Este acto exacerb\u00f3 las tensiones dentro del Gobierno, ya que Villarruel mantuvo su postura y defendi\u00f3 su comentario, afirmando que solo estaba protegiendo a la Selecci\u00f3n Nacional.<\/p>\n\n\n\n<p>Las fricciones internas aumentaron, con la vicepresidenta acusando al c\u00edrculo cercano de Milei de intentar desestabilizarla. \u201cNos quieren traer problemas y presionan para que Victoria se pelee con Javier\u201d, expres\u00f3 un colaborador de Villarruel a TN. A pesar de las tensiones, Villarruel insiste en que su relaci\u00f3n con Milei es buena, aunque apunta a su entorno por las operaciones en su contra.<\/p>\n\n\n\n<p>Para calmar las aguas, Milei pidi\u00f3 a sus allegados que disminuyeran las cr\u00edticas hacia Villarruel y promovi\u00f3 una imagen de unidad. Se esperaba que el encuentro en La Rural ayudara a mostrar una foto de cohesi\u00f3n, aunque el saludo fr\u00edo entre ambos l\u00edderes reflej\u00f3 las tensiones subyacentes.<\/p>\n","protected":false},"excerpt":{"rendered":"<p>El Presidente y la Vicepresidenta se encontraron nuevamente en un evento en La Rural despu\u00e9s de una semana de tensiones en el Gobierno, originadas por los pol\u00e9micos comentarios de Villarruel sobre Francia. En medio de una semana marcada por fuertes tensiones en el Gobierno, el presidente\u00a0Javier Milei y la vicepresidenta Victoria Villarruel\u00a0se reencontraron p\u00fablicamente. Este [&hellip;]<\/p>\n","protected":false},"author":2,"featured_media":8886,"comment_status":"open","ping_status":"open","sticky":false,"template":"","format":"standard","meta":{"footnotes":""},"categories":[20],"tags":[],"_links":{"self":[{"href":"https:\/\/enlamira.info\/index.php\/wp-json\/wp\/v2\/posts\/8883"}],"collection":[{"href":"https:\/\/enlamira.info\/index.php\/wp-json\/wp\/v2\/posts"}],"about":[{"href":"https:\/\/enlamira.info\/index.php\/wp-json\/wp\/v2\/types\/post"}],"author":[{"embeddable":true,"href":"https:\/\/enlamira.info\/index.php\/wp-json\/wp\/v2\/users\/2"}],"replies":[{"embeddable":true,"href":"https:\/\/enlamira.info\/index.php\/wp-json\/wp\/v2\/comments?post=8883"}],"version-history":[{"count":1,"href":"https:\/\/enlamira.info\/index.php\/wp-json\/wp\/v2\/posts\/8883\/revisions"}],"predecessor-version":[{"id":8885,"href":"https:\/\/enlamira.info\/index.php\/wp-json\/wp\/v2\/posts\/8883\/revisions\/8885"}],"wp:featuredmedia":[{"embeddable":true,"href":"https:\/\/enlamira.info\/index.php\/wp-json\/wp\/v2\/media\/8886"}],"wp:attachment":[{"href":"https:\/\/enlamira.info\/index.php\/wp-json\/wp\/v2\/media?parent=8883"}],"wp:term":[{"taxonomy":"category","embeddable":true,"href":"https:\/\/enlamira.info\/index.php\/wp-json\/wp\/v2\/categories?post=8883"},{"taxonomy":"post_tag","embeddable":true,"href":"https:\/\/enlamira.info\/index.php\/wp-json\/wp\/v2\/tags?post=8883"}],"curies":[{"name":"wp","href":"https:\/\/api.w.org\/{rel}","templated":true}]}}