{"id":8851,"date":"2024-07-27T16:09:57","date_gmt":"2024-07-27T19:09:57","guid":{"rendered":"https:\/\/enlamira.info\/?p=8851"},"modified":"2024-07-27T16:17:20","modified_gmt":"2024-07-27T19:17:20","slug":"milei-regresa-de-francia-la-tension-con-villarruel-y-su-estrategia-para-proximos-viajes","status":"publish","type":"post","link":"https:\/\/enlamira.info\/index.php\/2024\/07\/27\/milei-regresa-de-francia-la-tension-con-villarruel-y-su-estrategia-para-proximos-viajes\/","title":{"rendered":"Milei regresa de Francia: la tensi\u00f3n con Villarruel y su estrategia para pr\u00f3ximos viajes"},"content":{"rendered":"\n<p>El Presidente y su hermana Karina regresan de un viaje rel\u00e1mpago a Par\u00eds. La relaci\u00f3n con su compa\u00f1era de f\u00f3rmula y los pr\u00f3ximos pasos en su agenda pol\u00edtica generan expectativas.<\/p>\n\n\n\n<p>Javier\u00a0Milei\u00a0regresar\u00e1 este s\u00e1bado a Buenos Aires tras un breve viaje a\u00a0Par\u00eds, donde se reuni\u00f3 con el presidente\u00a0Emmanuel Macron\u00a0y varios empresarios influyentes.<\/p>\n\n\n\n<p>El viaje tambi\u00e9n puso de manifiesto las\u00a0tensiones\u00a0internas en el Gobierno, especialmente entre\u00a0Karina Milei y Victoria Villarruel.\u00a0Los roces entre ambas han generado ruido en la c\u00fapula del gobierno, lo cual se reflej\u00f3 durante la visita a Francia. En el encuentro en el Palacio El\u00edseo, destacaron las presencias de los embajadores Gerardo Werthein e Ian Sielecki, mientras que la canciller Diana Mondino estuvo notablemente ausente, lo que a\u00f1adi\u00f3 m\u00e1s le\u00f1a al fuego de la discordia interna.<\/p>\n\n\n\n<p>Durante su estad\u00eda en Par\u00eds,&nbsp;<strong>Milei<\/strong>&nbsp;tambi\u00e9n se mantuvo al tanto de la situaci\u00f3n pol\u00edtica en Venezuela, donde las elecciones del domingo podr\u00edan marcar una derrota hist\u00f3rica para el chavismo. En una conversaci\u00f3n con Mar\u00eda Corina Machado, l\u00edder opositora venezolana, Milei reafirm\u00f3 su apoyo a la causa democr\u00e1tica en Venezuela, aline\u00e1ndose con otros l\u00edderes sudamericanos que buscan un cambio en la regi\u00f3n.<\/p>\n\n\n\n<h3 class=\"wp-block-heading\">Pr\u00f3ximos pasos en la agenda de Milei<\/h3>\n\n\n\n<p>Milei ha decidido reducir sus viajes al exterior en el futuro cercano. \u201cJavier llega el s\u00e1bado y por un tiempo no va a volver a viajar al exterior\u201d, confirmaron fuentes cercanas al presidente. Esta decisi\u00f3n se debe en parte a su aversi\u00f3n a viajar en avi\u00f3n y a la necesidad de concentrarse en asuntos dom\u00e9sticos. La \u00fanica excepci\u00f3n ser\u00e1 un vuelo a Vaca Muerta el 8 de agosto, y posiblemente la reuni\u00f3n del G20 en noviembre en R\u00edo de Janeiro.<\/p>\n\n\n\n<p>El regreso de Milei incluye una importante aparici\u00f3n en La Rural, donde se espera que haga un anuncio significativo para el sector agr\u00edcola. Seg\u00fan fuentes del gobierno, Milei anunciar\u00e1 una reducci\u00f3n de las retenciones, una medida que busca estimular la econom\u00eda y alentar la liquidaci\u00f3n de divisas en un contexto de escasez de d\u00f3lares. Este anuncio es una parte crucial de su estrategia para mantener el apoyo de su base electoral, que demanda una baja de impuestos y una mayor libertad econ\u00f3mica.<\/p>\n\n\n\n<h3 class=\"wp-block-heading\">Relaci\u00f3n con Villarruel<\/h3>\n\n\n\n<p>La tensi\u00f3n con Villarruel se hizo evidente nuevamente cuando el portavoz Manuel Adorni divulg\u00f3 una informaci\u00f3n que reaviv\u00f3 la disputa. Seg\u00fan Adorni, Macron agradeci\u00f3 personalmente a Karina Milei por sus comentarios en la pol\u00e9mica sobre los c\u00e1nticos deportivos y el tuit de Villarruel. Este gesto fue visto como un desaire a Villarruel y un respaldo a Karina, lo que profundiz\u00f3 la desconfianza entre las dos facciones del gobierno.<\/p>\n","protected":false},"excerpt":{"rendered":"<p>El Presidente y su hermana Karina regresan de un viaje rel\u00e1mpago a Par\u00eds. La relaci\u00f3n con su compa\u00f1era de f\u00f3rmula y los pr\u00f3ximos pasos en su agenda pol\u00edtica generan expectativas. Javier\u00a0Milei\u00a0regresar\u00e1 este s\u00e1bado a Buenos Aires tras un breve viaje a\u00a0Par\u00eds, donde se reuni\u00f3 con el presidente\u00a0Emmanuel Macron\u00a0y varios empresarios influyentes. El viaje tambi\u00e9n puso [&hellip;]<\/p>\n","protected":false},"author":2,"featured_media":8853,"comment_status":"open","ping_status":"open","sticky":false,"template":"","format":"standard","meta":{"footnotes":""},"categories":[20],"tags":[],"_links":{"self":[{"href":"https:\/\/enlamira.info\/index.php\/wp-json\/wp\/v2\/posts\/8851"}],"collection":[{"href":"https:\/\/enlamira.info\/index.php\/wp-json\/wp\/v2\/posts"}],"about":[{"href":"https:\/\/enlamira.info\/index.php\/wp-json\/wp\/v2\/types\/post"}],"author":[{"embeddable":true,"href":"https:\/\/enlamira.info\/index.php\/wp-json\/wp\/v2\/users\/2"}],"replies":[{"embeddable":true,"href":"https:\/\/enlamira.info\/index.php\/wp-json\/wp\/v2\/comments?post=8851"}],"version-history":[{"count":1,"href":"https:\/\/enlamira.info\/index.php\/wp-json\/wp\/v2\/posts\/8851\/revisions"}],"predecessor-version":[{"id":8852,"href":"https:\/\/enlamira.info\/index.php\/wp-json\/wp\/v2\/posts\/8851\/revisions\/8852"}],"wp:featuredmedia":[{"embeddable":true,"href":"https:\/\/enlamira.info\/index.php\/wp-json\/wp\/v2\/media\/8853"}],"wp:attachment":[{"href":"https:\/\/enlamira.info\/index.php\/wp-json\/wp\/v2\/media?parent=8851"}],"wp:term":[{"taxonomy":"category","embeddable":true,"href":"https:\/\/enlamira.info\/index.php\/wp-json\/wp\/v2\/categories?post=8851"},{"taxonomy":"post_tag","embeddable":true,"href":"https:\/\/enlamira.info\/index.php\/wp-json\/wp\/v2\/tags?post=8851"}],"curies":[{"name":"wp","href":"https:\/\/api.w.org\/{rel}","templated":true}]}}